{"id":247569,"date":"2022-03-29T21:31:42","date_gmt":"2022-03-29T19:31:42","guid":{"rendered":"https:\/\/zjarr.tv\/?p=247569"},"modified":"2022-03-29T21:31:42","modified_gmt":"2022-03-29T19:31:42","slug":"veliaj-i-dhuron-luigi-soreces-dajren-tironse-mos-harro-tirana-eshte-shtepia-jote-e-dyte","status":"publish","type":"post","link":"https:\/\/zjarr.tv\/sq\/veliaj-i-dhuron-luigi-soreces-dajren-tironse-mos-harro-tirana-eshte-shtepia-jote-e-dyte\/","title":{"rendered":"Veliaj i dhuron Luigi Sorec\u00ebs dajren tironse: Mos harro, Tirana \u00ebsht\u00eb sht\u00ebpia jote e dyt\u00eb"},"content":{"rendered":"<p>Ambasadori i delegacionit t\u00eb BE n\u00eb Shqip\u00ebri, Luigi Soreca,ka marr\u00eb nj\u00eb dhurat\u00eb tep\u00ebr t\u00eb ve\u00e7ant\u00eb nga kryebashkiaku Erion Veliaj me rastin e p\u00ebrfundimit t\u00eb misionit t\u00eb tij diplomatik n\u00eb vendin ton\u00eb. <\/p>\n<p>Sigurisht nuk b\u00ebhet fjal\u00eb p\u00ebr \u201c\u00c7el\u00ebsin e Tiran\u00ebs\u201d t\u00eb cilin e mori pak dit\u00eb m\u00eb par\u00eb zyrtarisht, por p\u00ebr nj\u00eb dajre tironse. Sikurse mund t\u00eb shihni edhe nga k\u00ebto foto, n\u00eb nj\u00eb ambient festiv ku nuk munguan as ambasador\u00eb t\u00eb tjer\u00eb, Veliaj ka p\u00ebrzgjedhur q\u00eb ambasadorit Soreca t\u2019i jap\u00eb nj\u00eb instrument muzikor q\u00eb lidhet drejtp\u00ebrdrejt dhe me kultur\u00ebn ton\u00eb. <\/p>\n<p>\u201cFaleminderit p\u00ebr pun\u00ebn e vyer n\u00eb Shqip\u00ebri, i dashur Luigi. Suksese n\u00eb detyr\u00ebn e re dhe mos harro, Tirana \u00ebsht\u00eb sht\u00ebpia jote e dyt\u00eb! P.S Jam i sigurt se kjo dajre tironse do t\u00eb ta kujtoj\u00eb gjithmon\u00eb\u201d, shkruan Veliaj.<\/p>\n","protected":false},"excerpt":{"rendered":"<p>Ambasadori i delegacionit t\u00eb BE n\u00eb Shqip\u00ebri, Luigi Soreca,ka marr\u00eb nj\u00eb dhurat\u00eb tep\u00ebr t\u00eb ve\u00e7ant\u00eb nga kryebashkiaku Erion Veliaj me rastin e p\u00ebrfundimit t\u00eb misionit t\u00eb tij diplomatik n\u00eb vendin ton\u00eb. Sigurisht nuk b\u00ebhet fjal\u00eb p\u00ebr \u201c\u00c7el\u00ebsin e Tiran\u00ebs\u201d t\u00eb cilin e mori pak dit\u00eb m\u00eb par\u00eb zyrtarisht, por p\u00ebr nj\u00eb dajre tironse. Sikurse mund [&hellip;]<\/p>\n","protected":false},"author":2031,"featured_media":247570,"comment_status":"closed","ping_status":"closed","sticky":false,"template":"","format":"standard","meta":{"footnotes":""},"categories":[231],"tags":[],"class_list":{"0":"post-247569","1":"post","2":"type-post","3":"status-publish","4":"format-standard","5":"has-post-thumbnail","7":"category-lajme"},"_links":{"self":[{"href":"https:\/\/zjarr.tv\/sq\/wp-json\/wp\/v2\/posts\/247569","targetHints":{"allow":["GET"]}}],"collection":[{"href":"https:\/\/zjarr.tv\/sq\/wp-json\/wp\/v2\/posts"}],"about":[{"href":"https:\/\/zjarr.tv\/sq\/wp-json\/wp\/v2\/types\/post"}],"author":[{"embeddable":true,"href":"https:\/\/zjarr.tv\/sq\/wp-json\/wp\/v2\/users\/2031"}],"replies":[{"embeddable":true,"href":"https:\/\/zjarr.tv\/sq\/wp-json\/wp\/v2\/comments?post=247569"}],"version-history":[{"count":0,"href":"https:\/\/zjarr.tv\/sq\/wp-json\/wp\/v2\/posts\/247569\/revisions"}],"wp:featuredmedia":[{"embeddable":true,"href":"https:\/\/zjarr.tv\/sq\/wp-json\/wp\/v2\/media\/247570"}],"wp:attachment":[{"href":"https:\/\/zjarr.tv\/sq\/wp-json\/wp\/v2\/media?parent=247569"}],"wp:term":[{"taxonomy":"category","embeddable":true,"href":"https:\/\/zjarr.tv\/sq\/wp-json\/wp\/v2\/categories?post=247569"},{"taxonomy":"post_tag","embeddable":true,"href":"https:\/\/zjarr.tv\/sq\/wp-json\/wp\/v2\/tags?post=247569"}],"curies":[{"name":"wp","href":"https:\/\/api.w.org\/{rel}","templated":true}]}}