{"id":247699,"date":"2022-03-30T14:20:52","date_gmt":"2022-03-30T12:20:52","guid":{"rendered":"https:\/\/zjarr.tv\/?p=247699"},"modified":"2022-03-30T14:20:52","modified_gmt":"2022-03-30T12:20:52","slug":"altin-goxhaj-sorosi-gisht-ne-sabotimin-e-protestes","status":"publish","type":"post","link":"https:\/\/zjarr.tv\/sq\/altin-goxhaj-sorosi-gisht-ne-sabotimin-e-protestes\/","title":{"rendered":"Altin Goxhaj: Sorosi gisht n\u00eb sabotimin e protest\u00ebs"},"content":{"rendered":"<p>Qytetar\u00ebt u jan\u00eb rikthyer protestave p\u00ebr rritjen e \u00e7mimit t\u00eb karburantit dhe produkteve ushqimore.<\/p>\n<p>T\u00eb vendosur p\u00ebrball\u00eb godin\u00ebs s\u00eb kryeministris\u00eb, ata u shpreh\u00ebn se k\u00ebrkesat e tyre jan\u00eb t\u00eb pandryshushme, nd\u00ebrsa theksuan se do t\u00eb vijojn\u00eb t\u00eb protestojn\u00eb deri sa t\u00eb plot\u00ebsohen k\u00ebrkesat.<\/p>\n<p>Qytetar\u00ebt b\u00ebn me dije se t\u00eb m\u00ebrkur\u00ebn do t\u00eb protestojn\u00eb p\u00ebrpara Struktur\u00ebs s\u00eb Posaccme Antikorrupsion.<\/p>\n<p>Pas nisjes s\u00eb protesave qeveria Rama ngriti borde t\u00eb transparences p\u00ebr \u00e7mimet, t\u00eb cil\u00ebt sipas protestues\u00ebve nuk jan\u00eb n\u00eb favor t\u00eb qytetar\u00ebve pasi \u00e7mimet po rriten \u00e7do dit\u00eb.<\/p>\n<p>P\u00ebr t\u00eb folur m\u00eb shum\u00eb n\u00eb lidhje me k\u00ebt\u00eb tem\u00eb ishte i ftuar m\u00eb Kafe Shqeto, n\u00eb Syri Tv n\u00eb nj\u00eb lidhje me Skype Altin Goxhaj, avokat.<\/p>\n<p>&#8220;Un\u00eb besoj se protestat para krymeinistris\u00eb jan\u00eb sabotuar nga brenda dhe jo ngA ajasht\u00eb, si nj\u00eb axhend\u00eb nga 4 persona t\u00eb brendsh\u00ebm t\u00eb cil\u00ebt kan\u00eb pasur kontrollin e mikrofonit si administrim i protest\u00ebs dhe kan p\u00ebrdorur mikrofonin ashtu si\u00e7 p\u00ebrdorin &#8216;malet me bor ato q\u00eb krijojn\u00eb orteqe&#8217;.<\/p>\n<p>Dhe k\u00ebt\u00eb e kan\u00eb b\u00ebr\u00eb jo thjesht\u00eb sepse jan\u00eb t\u00eb Sorosit por sepse kon\u00e7idon q\u00eb ata kan\u00eb manipuluar sloganin e protest\u00ebs dhe jan\u00eb persona t\u00eb angazhuar me fondacionin Sorosit. T\u00eb kujtojm\u00eb q\u00eb protesta filloi n\u00ebn moton \u2018Boll na vodh\u00ebt\u2019.<\/p>\n<p>Dikur ishte nj\u00eb slogan shum\u00eb i drejt\u00eb &#8216;Nuk jemi t\u00eb varf\u00ebr por t\u00eb vjedhur&#8217; dhe p\u00ebrfunoi protesta n\u00ebn k\u00ebrkesat \u2018Ma ul pak \u00e7mimin, ma ngre pak ndihm\u00ebn sociale,&#8217; pra l\u00ebmosh\u00ebn, dhe kjo ishte \u00e7\u00ebshtja kryesore sepse njer\u00ebzit erdh\u00ebn n\u00eb protest\u00eb p\u00ebr gjith\u00eb got\u00ebn me ujin e zi, dhe jo vet\u00ebm pjes\u00ebn q\u00eb u derdh.<\/p>\n<p>Arsyeja pse ka pasur sabotim \u00ebsht\u00eb se q\u00eb dit\u00ebn e par\u00eb del q\u00eb Mirgen Qiraxhiu q\u00eb ka llogari bankare t\u00eb financuar nga Sorosi,\u00a0 personi q\u00eb kemi par\u00eb si administrator t\u00eb mikrofonit.<\/p>\n<p>Tani pyetja \u00ebsht\u00eb: Kur k\u00ebt\u00eb qeveri e mban Sorosi n\u00eb k\u00ebmb\u00eb, dhe kur Edi Rama \u00ebsht\u00eb nj\u00eb nd\u00ebr njer\u00ebzit me t\u00eb af\u00ebrt t\u00eb Sorosit, si mund t\u00eb pretendojm\u00eb se ai q\u00eb mban mikrofonin dhe paguhet nga Sorosi do kujdeset p\u00ebr k\u00ebt\u00eb?<\/p>\n<p>\u00cbsht\u00eb Mirgen Qiraxhiu, Rigels Xhemollari dhe mrapa tyre prej 12 vjet\u00ebsh Endri Shabani i nism\u00ebs &#8216;Thurje'&#8221;, u shpreh Goxhaj.<\/p>\n","protected":false},"excerpt":{"rendered":"<p>Qytetar\u00ebt u jan\u00eb rikthyer protestave p\u00ebr rritjen e \u00e7mimit t\u00eb karburantit dhe produkteve ushqimore. T\u00eb vendosur p\u00ebrball\u00eb godin\u00ebs s\u00eb kryeministris\u00eb, ata u shpreh\u00ebn se k\u00ebrkesat e tyre jan\u00eb t\u00eb pandryshushme, nd\u00ebrsa theksuan se do t\u00eb vijojn\u00eb t\u00eb protestojn\u00eb deri sa t\u00eb plot\u00ebsohen k\u00ebrkesat. Qytetar\u00ebt b\u00ebn me dije se t\u00eb m\u00ebrkur\u00ebn do t\u00eb protestojn\u00eb p\u00ebrpara Struktur\u00ebs [&hellip;]<\/p>\n","protected":false},"author":2020,"featured_media":247700,"comment_status":"closed","ping_status":"closed","sticky":false,"template":"","format":"standard","meta":{"footnotes":""},"categories":[241,5380,231],"tags":[],"class_list":{"0":"post-247699","1":"post","2":"type-post","3":"status-publish","4":"format-standard","5":"has-post-thumbnail","7":"category-aktualitet","8":"category-kryesore","9":"category-lajme"},"_links":{"self":[{"href":"https:\/\/zjarr.tv\/sq\/wp-json\/wp\/v2\/posts\/247699","targetHints":{"allow":["GET"]}}],"collection":[{"href":"https:\/\/zjarr.tv\/sq\/wp-json\/wp\/v2\/posts"}],"about":[{"href":"https:\/\/zjarr.tv\/sq\/wp-json\/wp\/v2\/types\/post"}],"author":[{"embeddable":true,"href":"https:\/\/zjarr.tv\/sq\/wp-json\/wp\/v2\/users\/2020"}],"replies":[{"embeddable":true,"href":"https:\/\/zjarr.tv\/sq\/wp-json\/wp\/v2\/comments?post=247699"}],"version-history":[{"count":0,"href":"https:\/\/zjarr.tv\/sq\/wp-json\/wp\/v2\/posts\/247699\/revisions"}],"wp:featuredmedia":[{"embeddable":true,"href":"https:\/\/zjarr.tv\/sq\/wp-json\/wp\/v2\/media\/247700"}],"wp:attachment":[{"href":"https:\/\/zjarr.tv\/sq\/wp-json\/wp\/v2\/media?parent=247699"}],"wp:term":[{"taxonomy":"category","embeddable":true,"href":"https:\/\/zjarr.tv\/sq\/wp-json\/wp\/v2\/categories?post=247699"},{"taxonomy":"post_tag","embeddable":true,"href":"https:\/\/zjarr.tv\/sq\/wp-json\/wp\/v2\/tags?post=247699"}],"curies":[{"name":"wp","href":"https:\/\/api.w.org\/{rel}","templated":true}]}}