{"id":247706,"date":"2022-03-30T14:25:15","date_gmt":"2022-03-30T12:25:15","guid":{"rendered":"https:\/\/zjarr.tv\/?p=247706"},"modified":"2022-03-30T14:25:15","modified_gmt":"2022-03-30T12:25:15","slug":"xhelal-mziu-pd-do-te-bashkohet-dhe-nuk-do-te-kete-parti-te-reja","status":"publish","type":"post","link":"https:\/\/zjarr.tv\/sq\/xhelal-mziu-pd-do-te-bashkohet-dhe-nuk-do-te-kete-parti-te-reja\/","title":{"rendered":"Xhelal Mziu: PD do t\u00eb bashkohet dhe nuk do t\u00eb ket\u00eb parti t\u00eb reja"},"content":{"rendered":"<p>Deputeti i Partis\u00eb Demokratike, Xhelal Mziu mendon se ish-kryedemokrati Lulzim Basha nuk do t\u00eb krijoj\u00eb asnj\u00eb parti t\u00eb re. Mziu u shpreh i bindur se PD do t\u00eb bashkohet dhe nuk do t\u00eb ket\u00eb parti t\u00eb reja. Po ashtu, theksoi se krijimi i nj\u00eb force t\u00eb re politike nga Basha nuk mund t\u00eb ndodh\u00eb. Pjes\u00eb nga diskutimi:<\/p>\n<p>-A do t\u00eb krijoj\u00eb Lulzim Basha nj\u00eb parti m\u00eb vete?<\/p>\n<p>-Mziu: Bashkimi i demokrat\u00ebve ngelet primare. Por dhe un\u00eb vazhdoj t\u00eb jem partizan i bashkimit t\u00eb PD-s\u00eb.<\/p>\n<p>\u2013 Do t\u00eb krijoj\u00eb Basha parti m\u00eb vete?<\/p>\n<p>\u2013 Mziu: Q\u00eb mos ndodhi krijimi i nj\u00eb partie t\u00eb re nga asnj\u00eb person, prandaj ngul k\u00ebmb\u00eb q\u00eb \u00ebsht\u00eb momenti i duhur p\u00ebr t\u00eb b\u00ebr\u00eb nj\u00eb bashkim real.<\/p>\n<p>\u2013N\u00ebse zoti Basha do t\u00eb krijoj\u00eb nj\u00eb parti me iden\u00eb q\u00eb t\u00eb b\u00ebhet \u201ckingmaker\u201d t\u00eb b\u00ebj\u00eb at\u00eb q\u00eb b\u00ebri Meta, i cili me vet\u00ebm 4 deputet\u00eb ju imponua Berish\u00ebs dhe Ram\u00ebs. A do i bashkoheni ju partis\u00eb s\u00eb Lulzim Bash\u00ebs?<\/p>\n<p>\u2013Mziu: Nuk besoj se zoti Basha aspiron p\u00ebr parti t\u00eb tjera, t\u00eb pakt\u00ebn dhe n\u00eb deklarat\u00ebn e dor\u00ebheqjes tha se do t\u00eb jet\u00eb kontributor i PD.<\/p>\n","protected":false},"excerpt":{"rendered":"<p>Deputeti i Partis\u00eb Demokratike, Xhelal Mziu mendon se ish-kryedemokrati Lulzim Basha nuk do t\u00eb krijoj\u00eb asnj\u00eb parti t\u00eb re. Mziu u shpreh i bindur se PD do t\u00eb bashkohet dhe nuk do t\u00eb ket\u00eb parti t\u00eb reja. Po ashtu, theksoi se krijimi i nj\u00eb force t\u00eb re politike nga Basha nuk mund t\u00eb ndodh\u00eb. Pjes\u00eb [&hellip;]<\/p>\n","protected":false},"author":2030,"featured_media":247707,"comment_status":"closed","ping_status":"closed","sticky":false,"template":"","format":"standard","meta":{"footnotes":""},"categories":[241,3366,1454],"tags":[],"class_list":{"0":"post-247706","1":"post","2":"type-post","3":"status-publish","4":"format-standard","5":"has-post-thumbnail","7":"category-aktualitet","8":"category-koment","9":"category-politike"},"_links":{"self":[{"href":"https:\/\/zjarr.tv\/sq\/wp-json\/wp\/v2\/posts\/247706","targetHints":{"allow":["GET"]}}],"collection":[{"href":"https:\/\/zjarr.tv\/sq\/wp-json\/wp\/v2\/posts"}],"about":[{"href":"https:\/\/zjarr.tv\/sq\/wp-json\/wp\/v2\/types\/post"}],"author":[{"embeddable":true,"href":"https:\/\/zjarr.tv\/sq\/wp-json\/wp\/v2\/users\/2030"}],"replies":[{"embeddable":true,"href":"https:\/\/zjarr.tv\/sq\/wp-json\/wp\/v2\/comments?post=247706"}],"version-history":[{"count":0,"href":"https:\/\/zjarr.tv\/sq\/wp-json\/wp\/v2\/posts\/247706\/revisions"}],"wp:featuredmedia":[{"embeddable":true,"href":"https:\/\/zjarr.tv\/sq\/wp-json\/wp\/v2\/media\/247707"}],"wp:attachment":[{"href":"https:\/\/zjarr.tv\/sq\/wp-json\/wp\/v2\/media?parent=247706"}],"wp:term":[{"taxonomy":"category","embeddable":true,"href":"https:\/\/zjarr.tv\/sq\/wp-json\/wp\/v2\/categories?post=247706"},{"taxonomy":"post_tag","embeddable":true,"href":"https:\/\/zjarr.tv\/sq\/wp-json\/wp\/v2\/tags?post=247706"}],"curies":[{"name":"wp","href":"https:\/\/api.w.org\/{rel}","templated":true}]}}