{"id":247708,"date":"2022-03-30T14:28:08","date_gmt":"2022-03-30T12:28:08","guid":{"rendered":"https:\/\/zjarr.tv\/?p=247708"},"modified":"2022-03-30T14:28:08","modified_gmt":"2022-03-30T12:28:08","slug":"drejtesia-ka-deshtuar-duhet-te-arrestohet-rama-dhe-ministrat-e-tij-petrit-vasili-kane-bere-aferen-me-te-madhe-korruptive-ne-shqiperi","status":"publish","type":"post","link":"https:\/\/zjarr.tv\/sq\/drejtesia-ka-deshtuar-duhet-te-arrestohet-rama-dhe-ministrat-e-tij-petrit-vasili-kane-bere-aferen-me-te-madhe-korruptive-ne-shqiperi\/","title":{"rendered":"\u201cDrejt\u00ebsia ka d\u00ebshtuar, duhet t\u00eb arrestohet Rama dhe ministrat e tij\u201d, Petrit Vasili: Kan\u00eb b\u00ebr\u00eb afer\u00ebn m\u00eb t\u00eb madhe korruptive n\u00eb Shqip\u00ebri!"},"content":{"rendered":"<p>N\u00ebnkryetari i LSI-s\u00eb, Petrit Vasili gjat\u00eb nj\u00eb lidhje n\u00eb Skype p\u00ebr \u201cFax News\u201d ka folur p\u00ebr incenerator\u00ebt, at\u00eb t\u00eb cil\u00ebn ai e quan afer\u00ebn m\u00eb t\u00eb madhe korruptive gjat\u00eb 30 viteve t\u00eb fundit n\u00eb Shqip\u00ebri.<\/p>\n<p>Vasili ndihet i zhg\u00ebnjyer nga drejt\u00ebsia e re p\u00ebr t\u00eb cil\u00ebn thot\u00eb se \u00ebsht\u00eb e kapur nga Edi Rama duke arrestuar vet\u00ebm zyrtar\u00eb t\u00eb vegj\u00ebl. Sipas Vasilit, kjo afer\u00eb e incenerator\u00ebve nuk mund t\u00eb kryhej pa \u201cbekimin\u201d e Edi Ram\u00ebs dhe ministrave t\u00eb kabinetit qeveritar.<\/p>\n<p>\u201cKan\u00eb kaluar 1 vit q\u00eb LSI ka denoncuar dhe leht\u00ebsonin pun\u00ebn e prokuroris\u00eb, kall\u00ebzime t\u00eb LSI t\u00eb cilat ishin mbi fuqit\u00eb normale q\u00eb nj\u00eb parti ka pasi depozitoi dokumente dhe prova p\u00ebr t\u00eb filluar veprime t\u00eb menj\u00ebhershme. Duke nisur nga Rama, Veliaj, Ahmetaj deri tek kompanive q\u00eb kan\u00eb kryer evazione fiskale. Koka e k\u00ebsaj afere qindra milion\u00ebshe \u00ebsht\u00eb n\u00eb qeveri sepse pa firm\u00ebn e Ram\u00ebs nuk e b\u00ebnte askush p\u00ebrfshir\u00eb edhe Aga\u00e7in. SPAK humb q\u00ebllimisht koh\u00eb dhe arrestohen specialist\u00eb dhe zyrtar\u00eb periferik\u00eb nd\u00ebrkoh\u00eb afera shtrihet p\u00ebrtej incenerator\u00ebve.<\/p>\n<p>Problemi q\u00ebndron kur sorollatesh q\u00ebllimisht p\u00ebr t\u00eb humbur koh\u00eb q\u00eb t\u00eb fshihen provat dhe gjurm\u00ebt. Ne si forc\u00eb politike kemi b\u00ebr\u00eb di\u00e7ka t\u00eb jasht\u00ebzakonshme pasi nuk kemi instrumenta hetimor por ne i kemi dh\u00ebn\u00eb prokuroris\u00eb fakte dhe dokumente t\u00eb cilat po t\u00eb ishin ndjekur do t\u00eb p\u00ebrfundonin t\u00eb tjer\u00eb n\u00eb pranga. K\u00ebta zot\u00ebrinj q\u00eb jan\u00eb n\u00eb k\u00ebrkim p\u00ebrfitonin miliona n\u00eb t\u00eb gjith\u00eb vendin. K\u00ebta ishin shnd\u00ebrruar n\u00eb censin mafioz q\u00eb hapte dyer n\u00eb buxhetin e shtetit. Prokuroria qartazi \u00ebsht\u00eb kapur nga fyti prej qeveris\u00eb. Puna \u00ebsht\u00eb e avasht\u00eb pasi \u00ebsht\u00eb nj\u00eb afer\u00eb e r\u00ebnd\u00eb.<\/p>\n<p>Hetim serioz n\u00eb lidhje me k\u00ebt\u00eb \u00e7\u00ebshtje \u2013 \u201cT\u00eb jem i sinqert\u00eb Komisioni i Incenerator\u00ebve ishte ndihma m\u00eb e madhe q\u00eb i dha qeveris\u00eb p\u00ebr t\u00eb marr\u00eb koh\u00eb dhe t\u00eb fshihen faktet. SPAK duhet t\u00eb vepronte sepse nuk kishte nevoj\u00eb p\u00ebr SHOW politik. U mbush\u00ebn muaj p\u00ebr propagand\u00eb p\u00ebr t\u00eb fituar qeveria koh\u00eb dhe n\u00eb fund t\u00eb procesit nuk ka prodhuar asgj\u00eb. Kur shikoj q\u00eb arrestojn\u00eb njer\u00ebz t\u00eb vegj\u00ebl dhe kambanat e m\u00ebdha q\u00eb bien p\u00ebr Ram\u00ebn dhe ministrat e tij jan\u00eb t\u00eb qarta. Kjo m\u00eb b\u00ebn pesimist.\u00a0 Jo gjitha incenerator\u00ebve jan\u00eb bllokuar , por ata duan q\u00eb parat\u00eb t\u00eb rrjedhin dhe drejtuesit e k\u00ebsaj afere t\u00eb mbyllin goj\u00ebn dhe t\u00eb mbrojn\u00eb qeverin\u00eb q\u00eb \u00ebsht\u00eb ortake e tyre, por kjo \u00ebsht\u00eb shum\u00eb e r\u00ebnd\u00eb.<\/p>\n<p>LSI denoncime \u2013 \u201c\u00cbsht\u00eb e qart\u00eb q\u00eb p\u00ebr ne faktet q\u00eb do na bien n\u00eb dor\u00eb, do ti denoncojm\u00eb duke i vendosur n\u00eb sh\u00ebrbim t\u00eb drejt\u00ebsis\u00eb. Ne do ta b\u00ebjm\u00eb k\u00ebt\u00eb gj\u00eb pa u lodhur dhe kemi krijuar ndjeshm\u00ebri t\u00eb madhe publike pasi t\u00eb gjith\u00eb e din\u00eb se afer\u00ebn e madhe korruptive. Opinioni publik priste nj\u00eb drejt\u00ebsi t\u00eb re dhe ka d\u00ebmtuar besimin e qytetar\u00ebve tek drejt\u00ebsia e re dhe kjo \u00ebsht\u00eb edhe m\u00eb e r\u00ebnd\u00eb\u201c, tha Vasili.<\/p>\n","protected":false},"excerpt":{"rendered":"<p>N\u00ebnkryetari i LSI-s\u00eb, Petrit Vasili gjat\u00eb nj\u00eb lidhje n\u00eb Skype p\u00ebr \u201cFax News\u201d ka folur p\u00ebr incenerator\u00ebt, at\u00eb t\u00eb cil\u00ebn ai e quan afer\u00ebn m\u00eb t\u00eb madhe korruptive gjat\u00eb 30 viteve t\u00eb fundit n\u00eb Shqip\u00ebri. Vasili ndihet i zhg\u00ebnjyer nga drejt\u00ebsia e re p\u00ebr t\u00eb cil\u00ebn thot\u00eb se \u00ebsht\u00eb e kapur nga Edi Rama duke [&hellip;]<\/p>\n","protected":false},"author":2020,"featured_media":247715,"comment_status":"closed","ping_status":"closed","sticky":false,"template":"","format":"standard","meta":{"footnotes":""},"categories":[241,5380,231],"tags":[],"class_list":{"0":"post-247708","1":"post","2":"type-post","3":"status-publish","4":"format-standard","5":"has-post-thumbnail","7":"category-aktualitet","8":"category-kryesore","9":"category-lajme"},"_links":{"self":[{"href":"https:\/\/zjarr.tv\/sq\/wp-json\/wp\/v2\/posts\/247708","targetHints":{"allow":["GET"]}}],"collection":[{"href":"https:\/\/zjarr.tv\/sq\/wp-json\/wp\/v2\/posts"}],"about":[{"href":"https:\/\/zjarr.tv\/sq\/wp-json\/wp\/v2\/types\/post"}],"author":[{"embeddable":true,"href":"https:\/\/zjarr.tv\/sq\/wp-json\/wp\/v2\/users\/2020"}],"replies":[{"embeddable":true,"href":"https:\/\/zjarr.tv\/sq\/wp-json\/wp\/v2\/comments?post=247708"}],"version-history":[{"count":0,"href":"https:\/\/zjarr.tv\/sq\/wp-json\/wp\/v2\/posts\/247708\/revisions"}],"wp:featuredmedia":[{"embeddable":true,"href":"https:\/\/zjarr.tv\/sq\/wp-json\/wp\/v2\/media\/247715"}],"wp:attachment":[{"href":"https:\/\/zjarr.tv\/sq\/wp-json\/wp\/v2\/media?parent=247708"}],"wp:term":[{"taxonomy":"category","embeddable":true,"href":"https:\/\/zjarr.tv\/sq\/wp-json\/wp\/v2\/categories?post=247708"},{"taxonomy":"post_tag","embeddable":true,"href":"https:\/\/zjarr.tv\/sq\/wp-json\/wp\/v2\/tags?post=247708"}],"curies":[{"name":"wp","href":"https:\/\/api.w.org\/{rel}","templated":true}]}}