{"id":247729,"date":"2022-03-30T14:50:36","date_gmt":"2022-03-30T12:50:36","guid":{"rendered":"https:\/\/zjarr.tv\/?p=247729"},"modified":"2022-03-30T15:08:26","modified_gmt":"2022-03-30T13:08:26","slug":"nuk-duhet-te-ishim-ne-krize-sazan-guri-shqiperia-ka-nafte-per-300-vjet","status":"publish","type":"post","link":"https:\/\/zjarr.tv\/sq\/nuk-duhet-te-ishim-ne-krize-sazan-guri-shqiperia-ka-nafte-per-300-vjet\/","title":{"rendered":"\u201cNuk duhet t\u00eb ishim n\u00eb kriz\u00eb\u201d, Sazan Guri: Shqip\u00ebria ka naft\u00eb p\u00ebr 300 vjet!"},"content":{"rendered":"<p>Sazan Guri \u00ebsht\u00eb shprehur se vendi yn\u00eb nuk duhet t\u00eb jet\u00eb n\u00eb kriz\u00eb pasi ka mjaftuesh\u00ebm naft\u00eb p\u00ebr 300 vjet.<\/p>\n<p>Guri thot\u00eb se n\u00ebse p\u00ebrpunohet n\u00eb Shqip\u00ebri do t\u00eb kemi naft\u00eb dhe n\u00ebnproduktet me nj\u00eb \u00e7mim t\u00eb lir\u00eb dhe nuk do t\u00eb kishim nj\u00eb kriz\u00eb.\u00a0 Sipas tij, kriza ka ardhur p\u00ebr shkak t\u00eb keqmenaxhimit.<\/p>\n<p>\u201cKemi burime t\u00eb mjaftueshme nafte p\u00ebr 300 vjet por n\u00ebse e p\u00ebrpunojm\u00eb n\u00eb Shqip\u00ebri do t\u00eb kemi naft\u00eb, benzin\u00eb dhe n\u00ebnprodukte me \u00e7mim m\u00eb t\u00eb lir\u00eb.\u00a0 \u00cbsht\u00eb nj\u00eb naft\u00eb e r\u00ebnd\u00eb, \u00ebsht\u00eb akoma m\u00eb e mir\u00eb sesa ka m\u00eb shum\u00eb n\u00ebnprodukte. Dhe n\u00eb burs\u00eb nafta bruto \u00ebsht\u00eb m\u00eb e shtrenjt\u00eb. Kjo naft\u00eb prodhon bitum, diesel, benzin\u00eb, benzol etj. Nafta jon\u00eb i b\u00ebn t\u00eb gjitha\u201d, ka th\u00ebn\u00eb ai p\u00ebr ABC.<\/p>\n","protected":false},"excerpt":{"rendered":"<p>Sazan Guri \u00ebsht\u00eb shprehur se vendi yn\u00eb nuk duhet t\u00eb jet\u00eb n\u00eb kriz\u00eb pasi ka mjaftuesh\u00ebm naft\u00eb p\u00ebr 300 vjet. Guri thot\u00eb se n\u00ebse p\u00ebrpunohet n\u00eb Shqip\u00ebri do t\u00eb kemi naft\u00eb dhe n\u00ebnproduktet me nj\u00eb \u00e7mim t\u00eb lir\u00eb dhe nuk do t\u00eb kishim nj\u00eb kriz\u00eb.\u00a0 Sipas tij, kriza ka ardhur p\u00ebr shkak t\u00eb keqmenaxhimit. \u201cKemi [&hellip;]<\/p>\n","protected":false},"author":2030,"featured_media":247731,"comment_status":"closed","ping_status":"closed","sticky":false,"template":"","format":"standard","meta":{"footnotes":""},"categories":[241,3366,5380,231],"tags":[],"class_list":{"0":"post-247729","1":"post","2":"type-post","3":"status-publish","4":"format-standard","5":"has-post-thumbnail","7":"category-aktualitet","8":"category-koment","9":"category-kryesore","10":"category-lajme"},"_links":{"self":[{"href":"https:\/\/zjarr.tv\/sq\/wp-json\/wp\/v2\/posts\/247729","targetHints":{"allow":["GET"]}}],"collection":[{"href":"https:\/\/zjarr.tv\/sq\/wp-json\/wp\/v2\/posts"}],"about":[{"href":"https:\/\/zjarr.tv\/sq\/wp-json\/wp\/v2\/types\/post"}],"author":[{"embeddable":true,"href":"https:\/\/zjarr.tv\/sq\/wp-json\/wp\/v2\/users\/2030"}],"replies":[{"embeddable":true,"href":"https:\/\/zjarr.tv\/sq\/wp-json\/wp\/v2\/comments?post=247729"}],"version-history":[{"count":0,"href":"https:\/\/zjarr.tv\/sq\/wp-json\/wp\/v2\/posts\/247729\/revisions"}],"wp:featuredmedia":[{"embeddable":true,"href":"https:\/\/zjarr.tv\/sq\/wp-json\/wp\/v2\/media\/247731"}],"wp:attachment":[{"href":"https:\/\/zjarr.tv\/sq\/wp-json\/wp\/v2\/media?parent=247729"}],"wp:term":[{"taxonomy":"category","embeddable":true,"href":"https:\/\/zjarr.tv\/sq\/wp-json\/wp\/v2\/categories?post=247729"},{"taxonomy":"post_tag","embeddable":true,"href":"https:\/\/zjarr.tv\/sq\/wp-json\/wp\/v2\/tags?post=247729"}],"curies":[{"name":"wp","href":"https:\/\/api.w.org\/{rel}","templated":true}]}}