{"id":247742,"date":"2022-03-30T15:05:15","date_gmt":"2022-03-30T13:05:15","guid":{"rendered":"https:\/\/zjarr.tv\/?p=247742"},"modified":"2022-03-30T15:05:15","modified_gmt":"2022-03-30T13:05:15","slug":"sa-do-rritet-kuleta-e-pensionisteve-nga-muaji-i-ardhshem","status":"publish","type":"post","link":"https:\/\/zjarr.tv\/sq\/sa-do-rritet-kuleta-e-pensionisteve-nga-muaji-i-ardhshem\/","title":{"rendered":"Sa do rritet \u2018kuleta\u2019 e pensionist\u00ebve nga muaji i ardhsh\u00ebm"},"content":{"rendered":"<p>N\u00eb mbledhjen e sotme t\u00eb qeveris\u00eb \u00ebsht\u00eb miratuar paketa e rezistenc\u00ebs Sociale dhe indeksimi i pensioneve p\u00ebr t\u00eb gjith\u00eb kategorit\u00eb e pensionist\u00ebve.<\/p>\n<p>Pas p\u00ebrfundimit t\u00eb mbledhjes t\u00eb qeveris\u00eb ministrja e Financave dhe Ekonomis\u00eb Delina Ibrahimaj n\u00eb nj\u00eb komunikim p\u00ebr mediat tha se indeksimi i pensioneve do t\u00eb jet\u00eb 3,3%. Ibrahimaj tha se paketa do t\u00eb p\u00ebrfshij\u00eb edhe subvencionet p\u00ebr naft\u00ebn n\u00eb sektorin e transportit, fermer\u00ebve dhe subvencione direkte 3,000 lek\u00eb p\u00ebr 3 muaj p\u00ebr shtresat n\u00eb nevoj\u00eb.<\/p>\n<p>\u201cMe aktin normativ \u00ebsht\u00eb miratuar indeksimi 3,3% i pensioneve p\u00ebr t\u00eb gjitha kategorit\u00eb., si p\u00ebr pensionet e plot\u00eb, t\u00eb pjesshme, t\u00eb reduktuara, t\u00eb invaliditetit, p\u00ebr ndihma t\u00eb posa\u00e7me shtet\u00ebrore, pensionet e fshatit dhe qytetit. Efekti financiar n\u00eb buxhetin e shtetit\u00a0 \u00ebsht\u00eb prej 3,3 mld lek\u00eb.<\/p>\n<p>N\u00eb fakt parashikimi fillestar p\u00ebr indeksimin e pensioneve ka qen\u00eb n\u00eb vler\u00ebn 2,4%\u00a0 sa inflacioni mesatar vjetor i vitit t\u00eb kaluar. Nisur nga rritja e \u00e7mimeve p\u00ebr muajin janar dhe shkurt vendos\u00ebm q\u00eb p\u00ebr pensionet rritja t\u00eb jet\u00eb 3,3% sa mesatarja e inflacionit p\u00ebr shkurt 2022.<\/p>\n<p>576 mij\u00eb persona do t\u00eb marrin 3,000 lek\u00eb p\u00ebr 3 muaj. Sipas llogaritjeve shtesa e shpenzimeve mesatare p\u00ebr 1 familje \u00ebsht\u00eb 2500 lek\u00eb p\u00ebr 1 muaj nga rritja e \u00e7mimeve. Kjo i shtohet element\u00ebve t\u00eb tjera t\u00eb paket\u00ebs p\u00ebr subvencionimin e naft\u00ebs p\u00ebr sektorin e transportit dhe fermer\u00ebve dhe mb\u00ebshtetjes p\u00ebr \u00e7mimin e energjis\u00eb me vler\u00eb 28 mld lek\u00eb\u201d, pohoi Ibrahimaj.<\/p>\n","protected":false},"excerpt":{"rendered":"<p>N\u00eb mbledhjen e sotme t\u00eb qeveris\u00eb \u00ebsht\u00eb miratuar paketa e rezistenc\u00ebs Sociale dhe indeksimi i pensioneve p\u00ebr t\u00eb gjith\u00eb kategorit\u00eb e pensionist\u00ebve. Pas p\u00ebrfundimit t\u00eb mbledhjes t\u00eb qeveris\u00eb ministrja e Financave dhe Ekonomis\u00eb Delina Ibrahimaj n\u00eb nj\u00eb komunikim p\u00ebr mediat tha se indeksimi i pensioneve do t\u00eb jet\u00eb 3,3%. Ibrahimaj tha se paketa do t\u00eb [&hellip;]<\/p>\n","protected":false},"author":2030,"featured_media":247743,"comment_status":"closed","ping_status":"closed","sticky":false,"template":"","format":"standard","meta":{"footnotes":""},"categories":[241,3366,5380,231,1454],"tags":[],"class_list":{"0":"post-247742","1":"post","2":"type-post","3":"status-publish","4":"format-standard","5":"has-post-thumbnail","7":"category-aktualitet","8":"category-koment","9":"category-kryesore","10":"category-lajme","11":"category-politike"},"_links":{"self":[{"href":"https:\/\/zjarr.tv\/sq\/wp-json\/wp\/v2\/posts\/247742","targetHints":{"allow":["GET"]}}],"collection":[{"href":"https:\/\/zjarr.tv\/sq\/wp-json\/wp\/v2\/posts"}],"about":[{"href":"https:\/\/zjarr.tv\/sq\/wp-json\/wp\/v2\/types\/post"}],"author":[{"embeddable":true,"href":"https:\/\/zjarr.tv\/sq\/wp-json\/wp\/v2\/users\/2030"}],"replies":[{"embeddable":true,"href":"https:\/\/zjarr.tv\/sq\/wp-json\/wp\/v2\/comments?post=247742"}],"version-history":[{"count":0,"href":"https:\/\/zjarr.tv\/sq\/wp-json\/wp\/v2\/posts\/247742\/revisions"}],"wp:featuredmedia":[{"embeddable":true,"href":"https:\/\/zjarr.tv\/sq\/wp-json\/wp\/v2\/media\/247743"}],"wp:attachment":[{"href":"https:\/\/zjarr.tv\/sq\/wp-json\/wp\/v2\/media?parent=247742"}],"wp:term":[{"taxonomy":"category","embeddable":true,"href":"https:\/\/zjarr.tv\/sq\/wp-json\/wp\/v2\/categories?post=247742"},{"taxonomy":"post_tag","embeddable":true,"href":"https:\/\/zjarr.tv\/sq\/wp-json\/wp\/v2\/tags?post=247742"}],"curies":[{"name":"wp","href":"https:\/\/api.w.org\/{rel}","templated":true}]}}