{"id":247747,"date":"2022-03-30T15:17:32","date_gmt":"2022-03-30T13:17:32","guid":{"rendered":"https:\/\/zjarr.tv\/?p=247747"},"modified":"2022-03-30T15:17:32","modified_gmt":"2022-03-30T13:17:32","slug":"alqi-bllako-ende-ska-dorezuar-zyrtarisht-mandatin-ne-kuvend","status":"publish","type":"post","link":"https:\/\/zjarr.tv\/sq\/alqi-bllako-ende-ska-dorezuar-zyrtarisht-mandatin-ne-kuvend\/","title":{"rendered":"Alqi Bllako ende s\u2019ka dor\u00ebzuar zyrtarisht mandatin n\u00eb Kuvend"},"content":{"rendered":"<p>Nj\u00eb dit\u00eb m\u00eb par\u00eb SPAK njoftoi se do ti drejtohej Kuvendit me nj\u00eb k\u00ebrkes\u00eb p\u00ebr heqjen e mandatit t\u00eb deputetit t\u00eb PS-s\u00eb Alqi Bllako.<\/p>\n<p>SPAK, k\u00ebrkon nga Kuvendi q\u00eb t\u2019i hap\u00eb drit\u00ebn jeshile p\u00ebr arrestimin e Bllakos pasi dyshohet si i p\u00ebrfshir\u00eb n\u00eb afer\u00ebn e incenerator\u00ebve.<\/p>\n<p>Pas k\u00ebrkes\u00ebs s\u00eb SPAK, kreu i grupit parlamentar t\u00eb PS-s\u00eb, Taulant Balla, njoftoi se n\u00eb or\u00ebn 18.00 t\u00eb s\u00eb m\u00ebrkur\u00ebs do t\u00eb mblidhej K\u00ebshilli i Mandateve.<\/p>\n<p>M\u00eb von\u00eb erdhi nj\u00eb reagim nga Bllako i cili n\u00eb rrjete sociale, njoftoi se do ta linte vet\u00eb mandatin p\u00ebr t\u2019ju dor\u00ebzuar drejt\u00ebsis\u00eb.<\/p>\n<p>\u201cSidoqoft\u00eb, nuk ka arsye t\u00eb angazhohet Kuvendi i Republik\u00ebs s\u00eb Shqip\u00ebris\u00eb p\u00ebr k\u00ebt\u00eb \u00e7\u00ebshtje dhe as nuk dua t\u00eb p\u00ebrfitoj apo t\u00eb m\u00eb ofrohet nj\u00eb trajtim ndryshe nga \u00e7do qytetar tjet\u00ebr i vendit ton\u00eb.<\/p>\n<p>Un\u00eb nuk kam mburoj\u00eb mandatin e deputetit, por t\u00eb v\u00ebrtet\u00ebn p\u00ebr pafaj\u00ebsin\u00eb time. K\u00ebt\u00eb do ta provoj n\u00eb gjykat\u00eb dhe p\u00ebrpara opinionit publik.<\/p>\n<p>Prandaj kam vendosur q\u00eb dit\u00ebn e nes\u00ebrme t\u2019i paraqes Kryetares s\u00eb Kuvendit dor\u00ebzimin e mandatit tim si deputet i Republik\u00ebs s\u00eb Shqip\u00ebris\u00eb, dhe t\u00eb p\u00ebrballem me akuz\u00ebn pa asnj\u00eb privilegj. Si nj\u00eb qytetar i zakonsh\u00ebm, si prind dhe familjar i p\u00ebrgjegjsh\u00ebm; dhe mbi t\u00eb gjitha si nj\u00eb sh\u00ebrb\u00ebtor publik, q\u00eb padyshim e kupton se \u00e7do angazhim vjen edhe me \u00e7mimin e p\u00ebrbaltjes politike apo edhe me detyrimin e sqarimit t\u00eb s\u00eb v\u00ebrtet\u00ebs para drejt\u00ebsis\u00eb\u201d, shkruante Bllako.<\/p>\n<p>Por deri m\u00eb tani m\u00eb tani si\u00e7 raportojn\u00eb mediat Bllako nuk e ka nd\u00ebrmarr\u00eb nj\u00eb hap t\u00eb till\u00eb, ndaj pritet mbledhja e K\u00ebshillit t\u00eb Mandateve p\u00ebr t\u00eb par\u00eb ecurin\u00eb e rastit.<\/p>\n","protected":false},"excerpt":{"rendered":"<p>Nj\u00eb dit\u00eb m\u00eb par\u00eb SPAK njoftoi se do ti drejtohej Kuvendit me nj\u00eb k\u00ebrkes\u00eb p\u00ebr heqjen e mandatit t\u00eb deputetit t\u00eb PS-s\u00eb Alqi Bllako. SPAK, k\u00ebrkon nga Kuvendi q\u00eb t\u2019i hap\u00eb drit\u00ebn jeshile p\u00ebr arrestimin e Bllakos pasi dyshohet si i p\u00ebrfshir\u00eb n\u00eb afer\u00ebn e incenerator\u00ebve. Pas k\u00ebrkes\u00ebs s\u00eb SPAK, kreu i grupit parlamentar t\u00eb [&hellip;]<\/p>\n","protected":false},"author":2030,"featured_media":247748,"comment_status":"closed","ping_status":"closed","sticky":false,"template":"","format":"standard","meta":{"footnotes":""},"categories":[241,5380,231,1454],"tags":[],"class_list":{"0":"post-247747","1":"post","2":"type-post","3":"status-publish","4":"format-standard","5":"has-post-thumbnail","7":"category-aktualitet","8":"category-kryesore","9":"category-lajme","10":"category-politike"},"_links":{"self":[{"href":"https:\/\/zjarr.tv\/sq\/wp-json\/wp\/v2\/posts\/247747","targetHints":{"allow":["GET"]}}],"collection":[{"href":"https:\/\/zjarr.tv\/sq\/wp-json\/wp\/v2\/posts"}],"about":[{"href":"https:\/\/zjarr.tv\/sq\/wp-json\/wp\/v2\/types\/post"}],"author":[{"embeddable":true,"href":"https:\/\/zjarr.tv\/sq\/wp-json\/wp\/v2\/users\/2030"}],"replies":[{"embeddable":true,"href":"https:\/\/zjarr.tv\/sq\/wp-json\/wp\/v2\/comments?post=247747"}],"version-history":[{"count":0,"href":"https:\/\/zjarr.tv\/sq\/wp-json\/wp\/v2\/posts\/247747\/revisions"}],"wp:featuredmedia":[{"embeddable":true,"href":"https:\/\/zjarr.tv\/sq\/wp-json\/wp\/v2\/media\/247748"}],"wp:attachment":[{"href":"https:\/\/zjarr.tv\/sq\/wp-json\/wp\/v2\/media?parent=247747"}],"wp:term":[{"taxonomy":"category","embeddable":true,"href":"https:\/\/zjarr.tv\/sq\/wp-json\/wp\/v2\/categories?post=247747"},{"taxonomy":"post_tag","embeddable":true,"href":"https:\/\/zjarr.tv\/sq\/wp-json\/wp\/v2\/tags?post=247747"}],"curies":[{"name":"wp","href":"https:\/\/api.w.org\/{rel}","templated":true}]}}