{"id":247767,"date":"2022-03-30T15:36:41","date_gmt":"2022-03-30T13:36:41","guid":{"rendered":"https:\/\/zjarr.tv\/?p=247767"},"modified":"2022-03-30T15:36:41","modified_gmt":"2022-03-30T13:36:41","slug":"sot-pasdite-mblidhet-kryesia-e-ps-zbulohet-levizja-e-alqi-bllakos-para-se-te-dorezoje-mandatin-ne-kuvend","status":"publish","type":"post","link":"https:\/\/zjarr.tv\/sq\/sot-pasdite-mblidhet-kryesia-e-ps-zbulohet-levizja-e-alqi-bllakos-para-se-te-dorezoje-mandatin-ne-kuvend\/","title":{"rendered":"Sot pasdite mblidhet Kryesia e PS, zbulohet l\u00ebvizja e Alqi Bllakos para se t\u00eb dor\u00ebzoj\u00eb mandatin n\u00eb Kuvend"},"content":{"rendered":"<p>Pasditen e sotme do t\u00eb mblidhet Kryesia e Partis\u00eb Socialiste, nj\u00eb dit\u00eb pasi SPAK k\u00ebrkoi qe t\u00eb hiqej imuniteti i deputetit t\u00eb PS Alqi Bllako, si i p\u00ebrfshir\u00eb n\u00eb afer\u00ebn e incenerator\u00ebve.<\/p>\n<p>N\u00eb k\u00ebt\u00eb m\u00ebnyr\u00eb do t\u00eb vazhdohej me arrestimin e tij.<\/p>\n<p>Nd\u00ebrkoh\u00eb m\u00ebsohet edhe l\u00ebvizja e fundit e Alqi Bllakos. Sipas burimeve se ai do t\u00eb marr\u00eb pjes\u00eb n\u00eb mbledhjen e Kryesis\u00eb dhe m\u00eb pas do t\u00eb dor\u00ebzoj\u00eb mandatin n\u00eb Kuvend.<\/p>\n","protected":false},"excerpt":{"rendered":"<p>Pasditen e sotme do t\u00eb mblidhet Kryesia e Partis\u00eb Socialiste, nj\u00eb dit\u00eb pasi SPAK k\u00ebrkoi qe t\u00eb hiqej imuniteti i deputetit t\u00eb PS Alqi Bllako, si i p\u00ebrfshir\u00eb n\u00eb afer\u00ebn e incenerator\u00ebve. N\u00eb k\u00ebt\u00eb m\u00ebnyr\u00eb do t\u00eb vazhdohej me arrestimin e tij. Nd\u00ebrkoh\u00eb m\u00ebsohet edhe l\u00ebvizja e fundit e Alqi Bllakos. Sipas burimeve se ai [&hellip;]<\/p>\n","protected":false},"author":2030,"featured_media":247768,"comment_status":"closed","ping_status":"closed","sticky":false,"template":"","format":"standard","meta":{"footnotes":""},"categories":[241,5380,231,1454],"tags":[],"class_list":{"0":"post-247767","1":"post","2":"type-post","3":"status-publish","4":"format-standard","5":"has-post-thumbnail","7":"category-aktualitet","8":"category-kryesore","9":"category-lajme","10":"category-politike"},"_links":{"self":[{"href":"https:\/\/zjarr.tv\/sq\/wp-json\/wp\/v2\/posts\/247767","targetHints":{"allow":["GET"]}}],"collection":[{"href":"https:\/\/zjarr.tv\/sq\/wp-json\/wp\/v2\/posts"}],"about":[{"href":"https:\/\/zjarr.tv\/sq\/wp-json\/wp\/v2\/types\/post"}],"author":[{"embeddable":true,"href":"https:\/\/zjarr.tv\/sq\/wp-json\/wp\/v2\/users\/2030"}],"replies":[{"embeddable":true,"href":"https:\/\/zjarr.tv\/sq\/wp-json\/wp\/v2\/comments?post=247767"}],"version-history":[{"count":0,"href":"https:\/\/zjarr.tv\/sq\/wp-json\/wp\/v2\/posts\/247767\/revisions"}],"wp:featuredmedia":[{"embeddable":true,"href":"https:\/\/zjarr.tv\/sq\/wp-json\/wp\/v2\/media\/247768"}],"wp:attachment":[{"href":"https:\/\/zjarr.tv\/sq\/wp-json\/wp\/v2\/media?parent=247767"}],"wp:term":[{"taxonomy":"category","embeddable":true,"href":"https:\/\/zjarr.tv\/sq\/wp-json\/wp\/v2\/categories?post=247767"},{"taxonomy":"post_tag","embeddable":true,"href":"https:\/\/zjarr.tv\/sq\/wp-json\/wp\/v2\/tags?post=247767"}],"curies":[{"name":"wp","href":"https:\/\/api.w.org\/{rel}","templated":true}]}}