{"id":247783,"date":"2022-03-30T16:54:32","date_gmt":"2022-03-30T14:54:32","guid":{"rendered":"https:\/\/zjarr.tv\/?p=247783"},"modified":"2022-03-30T16:54:32","modified_gmt":"2022-03-30T14:54:32","slug":"alibeaj-thirri-mbledhjen-e-grupit-parlamentar-te-pd-berisha-do-te-shkoj-me-njoftuan-koleget","status":"publish","type":"post","link":"https:\/\/zjarr.tv\/sq\/alibeaj-thirri-mbledhjen-e-grupit-parlamentar-te-pd-berisha-do-te-shkoj-me-njoftuan-koleget\/","title":{"rendered":"Alibeaj thirri mbledhjen e grupit parlamentar t\u00eb PD, Berisha: Do t\u00eb shkoj, m\u00eb njoftuan koleg\u00ebt"},"content":{"rendered":"<p>Ish-kryeministri Sali Berisha thot\u00eb se grupi parlamentar i Partis\u00eb Demokratike nuk \u00ebsht\u00eb i ndar\u00eb, teksa \u00ebsht\u00eb nisur drejt mbledhjes t\u00eb thirrur nga Enkelejd Alibeaj.<\/p>\n<p>\u201cM\u00eb kan\u00eb njoftuar koleg\u00ebt e mi se ka mbledhje, po shkoj\u201d, u ka th\u00ebn\u00eb Berisha gazetar\u00ebve, teksa ka zbritur nga zyrta e tij pran\u00eb Pallatit t\u00eb Kongresve.<\/p>\n<p>Berisha \u00ebsht\u00eb takuar sot me disa deputet\u00eb demokrat\u00eb, q\u00eb jan\u00eb nj\u00ebkoh\u00ebsisht pjes\u00eb e Komisionit t\u00eb Rithemelimit.<\/p>\n<p>\u201cGrupi parlamentar i PD-s\u00eb nuk \u00ebsht\u00eb i ndar\u00eb. Se e ndani ju, ai nuk \u00ebsht\u00eb grup i ndar\u00eb\u201d, u shpreh Berisha, duke konfirmuar se do t\u00eb shkoj\u00eb n\u00eb mbledhjen e thirrur nga Alibeaj p\u00ebr dit\u00ebn e nes\u00ebrme.<\/p>\n","protected":false},"excerpt":{"rendered":"<p>Ish-kryeministri Sali Berisha thot\u00eb se grupi parlamentar i Partis\u00eb Demokratike nuk \u00ebsht\u00eb i ndar\u00eb, teksa \u00ebsht\u00eb nisur drejt mbledhjes t\u00eb thirrur nga Enkelejd Alibeaj. \u201cM\u00eb kan\u00eb njoftuar koleg\u00ebt e mi se ka mbledhje, po shkoj\u201d, u ka th\u00ebn\u00eb Berisha gazetar\u00ebve, teksa ka zbritur nga zyrta e tij pran\u00eb Pallatit t\u00eb Kongresve. Berisha \u00ebsht\u00eb takuar sot [&hellip;]<\/p>\n","protected":false},"author":2030,"featured_media":247784,"comment_status":"closed","ping_status":"closed","sticky":false,"template":"","format":"standard","meta":{"footnotes":""},"categories":[241,3366,5380,231,1454],"tags":[],"class_list":{"0":"post-247783","1":"post","2":"type-post","3":"status-publish","4":"format-standard","5":"has-post-thumbnail","7":"category-aktualitet","8":"category-koment","9":"category-kryesore","10":"category-lajme","11":"category-politike"},"_links":{"self":[{"href":"https:\/\/zjarr.tv\/sq\/wp-json\/wp\/v2\/posts\/247783","targetHints":{"allow":["GET"]}}],"collection":[{"href":"https:\/\/zjarr.tv\/sq\/wp-json\/wp\/v2\/posts"}],"about":[{"href":"https:\/\/zjarr.tv\/sq\/wp-json\/wp\/v2\/types\/post"}],"author":[{"embeddable":true,"href":"https:\/\/zjarr.tv\/sq\/wp-json\/wp\/v2\/users\/2030"}],"replies":[{"embeddable":true,"href":"https:\/\/zjarr.tv\/sq\/wp-json\/wp\/v2\/comments?post=247783"}],"version-history":[{"count":0,"href":"https:\/\/zjarr.tv\/sq\/wp-json\/wp\/v2\/posts\/247783\/revisions"}],"wp:featuredmedia":[{"embeddable":true,"href":"https:\/\/zjarr.tv\/sq\/wp-json\/wp\/v2\/media\/247784"}],"wp:attachment":[{"href":"https:\/\/zjarr.tv\/sq\/wp-json\/wp\/v2\/media?parent=247783"}],"wp:term":[{"taxonomy":"category","embeddable":true,"href":"https:\/\/zjarr.tv\/sq\/wp-json\/wp\/v2\/categories?post=247783"},{"taxonomy":"post_tag","embeddable":true,"href":"https:\/\/zjarr.tv\/sq\/wp-json\/wp\/v2\/tags?post=247783"}],"curies":[{"name":"wp","href":"https:\/\/api.w.org\/{rel}","templated":true}]}}