{"id":247787,"date":"2022-03-30T16:56:24","date_gmt":"2022-03-30T14:56:24","guid":{"rendered":"https:\/\/zjarr.tv\/?p=247787"},"modified":"2022-03-30T16:56:24","modified_gmt":"2022-03-30T14:56:24","slug":"drejtoria-e-pergjithshme-e-burgjeve-metodologji-kombetare-per-rehabilitimin-dhe-riintegrimin-e-te-denuarve","status":"publish","type":"post","link":"https:\/\/zjarr.tv\/sq\/drejtoria-e-pergjithshme-e-burgjeve-metodologji-kombetare-per-rehabilitimin-dhe-riintegrimin-e-te-denuarve\/","title":{"rendered":"Drejtoria e P\u00ebrgjithshme e Burgjeve, metodologji komb\u00ebtare p\u00ebr rehabilitimin dhe riintegrimin e t\u00eb d\u00ebnuarve"},"content":{"rendered":"<p>N\u00eb kuad\u00ebr t\u00eb p\u00ebrpjekjeve t\u00eb vazhdueshme p\u00ebr forcimin e mbrojtjes s\u00eb t\u00eb drejtave t\u00eb t\u00eb d\u00ebnuarve n\u00eb Shqip\u00ebri, profesionist\u00eb t\u00eb sistemit penitenciar, me p\u00ebrfaq\u00ebsim nga Drejtoria e P\u00ebrgjithshme e Burgjeve dhe 6 Institucione t\u00eb Ekzekutimit t\u00eb Vendimeve Penale, u mblodh\u00ebn p\u00ebr t\u00eb dizenjuar nj\u00eb metodologji t\u00eb re komb\u00ebtare t\u00eb standardizuar p\u00ebr rehabilitimim dhe riintegrimin e t\u00eb d\u00ebnuarve.<\/p>\n<p>Grupi i p\u00ebrbashk\u00ebt i pun\u00ebs midis K\u00ebshillit t\u00eb Evrop\u00ebs dhe profesionist\u00ebve t\u00eb sistemit penitenciar, gjat\u00eb nj\u00eb sesioni pune 3-ditor vler\u00ebsuan rezultatet e pilotimit t\u00eb Instrumentave p\u00ebr Vler\u00ebsimin e Riskut (RNA) dhe Planet Individuale t\u00eb D\u00ebnimit t\u00eb pilotuara n\u00eb IEVP Peqin, IEVP Fier dhe IEVP \u2018Ali Demi\u2019 gjat\u00eb periudh\u00ebs Janar-Qershor 2021.<\/p>\n<p>Gjat\u00eb k\u00ebtij procesi u evidentuan p\u00ebrpar\u00ebsit\u00eb dhe v\u00ebshtir\u00ebsit\u00eb e zbatimit n\u00eb terren t\u00eb k\u00ebtyre instrumenteve, si dhe u projektua hart\u00ebzimi i nd\u00ebrhyrjeve dhe masat konkrete p\u00ebr shtrirjen n\u00eb nivel komb\u00ebtar t\u00eb metodologjis\u00eb s\u00eb re, sipas standardeve t\u00eb K\u00ebshillit t\u00eb Evrop\u00ebs dhe praktikave m\u00eb t\u00eb mira nd\u00ebrkomb\u00ebtare.<\/p>\n<p>P\u00ebr t\u2019ju p\u00ebrgjigjur nevojave reale t\u00eb sistemit penitenciar shqiptar, grupi i pun\u00ebs integroi n\u00eb Planin e Veprimit, masa p\u00ebr menaxhimin e procesit n\u00eb nivel t\u00eb Drejtoris\u00eb s\u00eb P\u00ebrgjithshme t\u00eb Burgjeve, si dhe masa konkrete p\u00ebr zbatimin e instrumentave n\u00eb secil\u00ebn IEVP.<\/p>\n<p>Ky aktivitet u organizua n\u00eb Kor\u00e7\u00eb, n\u00eb kuad\u00ebr t\u00eb projektit \u201cP\u00ebrmir\u00ebsimi i mbrojtjes s\u00eb t\u00eb drejtave t\u00eb njeriut t\u00eb t\u00eb d\u00ebnuarve n\u00eb Shqip\u00ebri\u201d, si pjes\u00eb e iniciativ\u00ebs s\u00eb p\u00ebrbashk\u00ebt t\u00eb Bashkimit Evropian dhe K\u00ebshillit t\u00eb Evrop\u00ebs \u2013 Instrumenti Horizontal p\u00ebr Ballkanin Per\u00ebndimor dhe Turqin\u00eb 2019-2022, duke synuar prezantimin e nj\u00eb qasje bashk\u00ebkohore, e cila integron proceset e rehabilitimit dhe riintegrimit t\u00eb t\u00eb d\u00ebnuarve n\u00eb shoq\u00ebrin\u00eb shqiptare.<\/p>\n","protected":false},"excerpt":{"rendered":"<p>N\u00eb kuad\u00ebr t\u00eb p\u00ebrpjekjeve t\u00eb vazhdueshme p\u00ebr forcimin e mbrojtjes s\u00eb t\u00eb drejtave t\u00eb t\u00eb d\u00ebnuarve n\u00eb Shqip\u00ebri, profesionist\u00eb t\u00eb sistemit penitenciar, me p\u00ebrfaq\u00ebsim nga Drejtoria e P\u00ebrgjithshme e Burgjeve dhe 6 Institucione t\u00eb Ekzekutimit t\u00eb Vendimeve Penale, u mblodh\u00ebn p\u00ebr t\u00eb dizenjuar nj\u00eb metodologji t\u00eb re komb\u00ebtare t\u00eb standardizuar p\u00ebr rehabilitimim dhe riintegrimin e [&hellip;]<\/p>\n","protected":false},"author":2030,"featured_media":247788,"comment_status":"closed","ping_status":"closed","sticky":false,"template":"","format":"standard","meta":{"footnotes":""},"categories":[241,5380,231],"tags":[],"class_list":{"0":"post-247787","1":"post","2":"type-post","3":"status-publish","4":"format-standard","5":"has-post-thumbnail","7":"category-aktualitet","8":"category-kryesore","9":"category-lajme"},"_links":{"self":[{"href":"https:\/\/zjarr.tv\/sq\/wp-json\/wp\/v2\/posts\/247787","targetHints":{"allow":["GET"]}}],"collection":[{"href":"https:\/\/zjarr.tv\/sq\/wp-json\/wp\/v2\/posts"}],"about":[{"href":"https:\/\/zjarr.tv\/sq\/wp-json\/wp\/v2\/types\/post"}],"author":[{"embeddable":true,"href":"https:\/\/zjarr.tv\/sq\/wp-json\/wp\/v2\/users\/2030"}],"replies":[{"embeddable":true,"href":"https:\/\/zjarr.tv\/sq\/wp-json\/wp\/v2\/comments?post=247787"}],"version-history":[{"count":0,"href":"https:\/\/zjarr.tv\/sq\/wp-json\/wp\/v2\/posts\/247787\/revisions"}],"wp:featuredmedia":[{"embeddable":true,"href":"https:\/\/zjarr.tv\/sq\/wp-json\/wp\/v2\/media\/247788"}],"wp:attachment":[{"href":"https:\/\/zjarr.tv\/sq\/wp-json\/wp\/v2\/media?parent=247787"}],"wp:term":[{"taxonomy":"category","embeddable":true,"href":"https:\/\/zjarr.tv\/sq\/wp-json\/wp\/v2\/categories?post=247787"},{"taxonomy":"post_tag","embeddable":true,"href":"https:\/\/zjarr.tv\/sq\/wp-json\/wp\/v2\/tags?post=247787"}],"curies":[{"name":"wp","href":"https:\/\/api.w.org\/{rel}","templated":true}]}}