{"id":247791,"date":"2022-03-30T16:58:48","date_gmt":"2022-03-30T14:58:48","guid":{"rendered":"https:\/\/zjarr.tv\/?p=247791"},"modified":"2022-03-30T16:58:48","modified_gmt":"2022-03-30T14:58:48","slug":"foto-aktori-timo-flloko-deshiron-te-pozoje-te-kuajt-e-kryeministrise-roja-i-thote-nuk-lejohet","status":"publish","type":"post","link":"https:\/\/zjarr.tv\/sq\/foto-aktori-timo-flloko-deshiron-te-pozoje-te-kuajt-e-kryeministrise-roja-i-thote-nuk-lejohet\/","title":{"rendered":"FOTO\/ Aktori Timo Flloko d\u00ebshiron t\u00eb pozoj\u00eb te kuajt e Kryeministris\u00eb, roja i thot\u00eb \u201cnuk lejohet\u201d"},"content":{"rendered":"<p>Kuajt e vendosur tek Kryeministria kan\u00eb t\u00ebrhequr s\u00eb fundmi v\u00ebmenjden e akrorit t\u00eb njohur shqiptar, Timo Flloko.<\/p>\n<p>N\u00eb fotot e\u00a0 shkrepura nga LSA, shihet aktori i cili \u00ebsht\u00eb ngjitur n\u00eb shkall\u00ebt e Kryeministris\u00eb p\u00ebr t\u00eb b\u00ebr\u00eb foto me kuajt q\u00eb ndodhen aty prej disa dit\u00ebsh p\u00ebr realizimin\u00a0 e nj\u00eb ekspozite.<\/p>\n<p>Por Flloko \u00ebsht\u00eb p\u00ebrballur me rojen, i cili i \u00ebsht\u00eb\u00a0 afruar duke i k\u00ebrkuar atij q\u00eb t\u00eb largohet.<\/p>\n<p><img loading=\"lazy\" decoding=\"async\" class=\"alignnone size-medium wp-image-247793\" src=\"https:\/\/zjarr.tv\/wp-content\/uploads\/2022\/03\/Untitled-design-2022-03-30T165837.086-300x251.jpg\" alt=\"\" width=\"300\" height=\"251\" srcset=\"https:\/\/zjarr.tv\/wp-content\/uploads\/2022\/03\/Untitled-design-2022-03-30T165837.086-300x251.jpg 300w, https:\/\/zjarr.tv\/wp-content\/uploads\/2022\/03\/Untitled-design-2022-03-30T165837.086-768x644.jpg 768w, https:\/\/zjarr.tv\/wp-content\/uploads\/2022\/03\/Untitled-design-2022-03-30T165837.086-696x583.jpg 696w, https:\/\/zjarr.tv\/wp-content\/uploads\/2022\/03\/Untitled-design-2022-03-30T165837.086-501x420.jpg 501w, https:\/\/zjarr.tv\/wp-content\/uploads\/2022\/03\/Untitled-design-2022-03-30T165837.086.jpg 940w\" sizes=\"auto, (max-width: 300px) 100vw, 300px\" \/><\/p>\n","protected":false},"excerpt":{"rendered":"<p>Kuajt e vendosur tek Kryeministria kan\u00eb t\u00ebrhequr s\u00eb fundmi v\u00ebmenjden e akrorit t\u00eb njohur shqiptar, Timo Flloko. N\u00eb fotot e\u00a0 shkrepura nga LSA, shihet aktori i cili \u00ebsht\u00eb ngjitur n\u00eb shkall\u00ebt e Kryeministris\u00eb p\u00ebr t\u00eb b\u00ebr\u00eb foto me kuajt q\u00eb ndodhen aty prej disa dit\u00ebsh p\u00ebr realizimin\u00a0 e nj\u00eb ekspozite. Por Flloko \u00ebsht\u00eb p\u00ebrballur me [&hellip;]<\/p>\n","protected":false},"author":2030,"featured_media":247792,"comment_status":"closed","ping_status":"closed","sticky":false,"template":"","format":"standard","meta":{"footnotes":""},"categories":[241,3366,5380,231],"tags":[],"class_list":{"0":"post-247791","1":"post","2":"type-post","3":"status-publish","4":"format-standard","5":"has-post-thumbnail","7":"category-aktualitet","8":"category-koment","9":"category-kryesore","10":"category-lajme"},"_links":{"self":[{"href":"https:\/\/zjarr.tv\/sq\/wp-json\/wp\/v2\/posts\/247791","targetHints":{"allow":["GET"]}}],"collection":[{"href":"https:\/\/zjarr.tv\/sq\/wp-json\/wp\/v2\/posts"}],"about":[{"href":"https:\/\/zjarr.tv\/sq\/wp-json\/wp\/v2\/types\/post"}],"author":[{"embeddable":true,"href":"https:\/\/zjarr.tv\/sq\/wp-json\/wp\/v2\/users\/2030"}],"replies":[{"embeddable":true,"href":"https:\/\/zjarr.tv\/sq\/wp-json\/wp\/v2\/comments?post=247791"}],"version-history":[{"count":0,"href":"https:\/\/zjarr.tv\/sq\/wp-json\/wp\/v2\/posts\/247791\/revisions"}],"wp:featuredmedia":[{"embeddable":true,"href":"https:\/\/zjarr.tv\/sq\/wp-json\/wp\/v2\/media\/247792"}],"wp:attachment":[{"href":"https:\/\/zjarr.tv\/sq\/wp-json\/wp\/v2\/media?parent=247791"}],"wp:term":[{"taxonomy":"category","embeddable":true,"href":"https:\/\/zjarr.tv\/sq\/wp-json\/wp\/v2\/categories?post=247791"},{"taxonomy":"post_tag","embeddable":true,"href":"https:\/\/zjarr.tv\/sq\/wp-json\/wp\/v2\/tags?post=247791"}],"curies":[{"name":"wp","href":"https:\/\/api.w.org\/{rel}","templated":true}]}}