{"id":247803,"date":"2022-03-30T17:16:53","date_gmt":"2022-03-30T15:16:53","guid":{"rendered":"https:\/\/zjarr.tv\/?p=247803"},"modified":"2022-03-30T17:16:53","modified_gmt":"2022-03-30T15:16:53","slug":"yuri-kim-pershendetet-me-soreca-n-nuk-eshte-kurre-e-lehte-te-thuash-lamtumire-faleminderit-per-partneritetin-dhe-miqesine-tuaj-te-jashtezakonshme","status":"publish","type":"post","link":"https:\/\/zjarr.tv\/sq\/yuri-kim-pershendetet-me-soreca-n-nuk-eshte-kurre-e-lehte-te-thuash-lamtumire-faleminderit-per-partneritetin-dhe-miqesine-tuaj-te-jashtezakonshme\/","title":{"rendered":"Yuri Kim p\u00ebrsh\u00ebndetet me Soreca-n: Nuk \u00ebsht\u00eb kurr\u00eb e leht\u00eb t\u00eb thuash lamtumir\u00eb! Faleminderit p\u00ebr partneritetin dhe miq\u00ebsin\u00eb tuaj t\u00eb jasht\u00ebzakonshme"},"content":{"rendered":"<p>Ambasadorja amerikane Yuri Kim n\u00ebp\u00ebrmjet nj\u00eb postimi n\u00eb rrjetet sociale ka falenderuar dhe \u00ebsht\u00eb p\u00ebrsh\u00ebndetur me ambasadorin e Bashkimit Europian n\u00eb Shqip\u00ebri, Luigi Sorecan, i cili do t\u00eb largohet nga vendi yn\u00eb n\u00eb prill.<\/p>\n<p>Ajo shkruan se \u201cnuk \u00ebsht\u00eb e leht\u00eb t\u00eb thuash kurr\u00eb lamtumir\u00eb, sidomos kur b\u00ebhet fjal\u00eb p\u00ebr dik\u00eb si Luigi Soreca\u201d. Kim e falenderon ambasadorin europian p\u00ebr partneritetin dhe miq\u00ebsin\u00eb e tij t\u00eb jasht\u00ebzakonshme.<\/p>\n<p>\u201cNuk \u00ebsht\u00eb kurr\u00eb e leht\u00eb t\u00eb thuash lamtumir\u00eb \u2013 akoma m\u00eb e v\u00ebshtir\u00eb kur b\u00ebhet fjal\u00eb p\u00ebr dik\u00eb si Luigi Soreca. Luigi ka qen\u00eb nj\u00eb partner bujar dhe i fort\u00eb q\u00eb n\u00eb fillim dhe do t\u00eb jet\u00eb nj\u00eb mik i dashur deri n\u00eb fund. Jam mir\u00ebnjoh\u00ebs q\u00eb pata rastin t\u00eb punoj me t\u00eb, nd\u00ebrsa Shtetet e Bashkuara dhe Evropa mb\u00ebshtesin aspirat\u00ebn e popullit shqiptar \u2013 burra e gra, t\u00eb rinj e t\u00eb vjet\u00ebr, nga Tropoja n\u00eb Sarand\u00eb \u2013 p\u00ebr t\u00eb nd\u00ebrmarr\u00eb reforma t\u00eb v\u00ebshtira por t\u00eb nevojshme, p\u00ebr t\u00eb forcuar institucionet demokratike. p\u00ebr t\u00eb siguruar sundimin e ligjit, p\u00ebr t\u00eb vazhduar ecjen e Shqip\u00ebris\u00eb p\u00ebrpara drejt Per\u00ebndimit. Faleminderit, Luigi, p\u00ebr partneritetin dhe miq\u00ebsin\u00eb tuaj t\u00eb jasht\u00ebzakonshme\u201d, shkruan ambasadorja Kim.<\/p>\n","protected":false},"excerpt":{"rendered":"<p>Ambasadorja amerikane Yuri Kim n\u00ebp\u00ebrmjet nj\u00eb postimi n\u00eb rrjetet sociale ka falenderuar dhe \u00ebsht\u00eb p\u00ebrsh\u00ebndetur me ambasadorin e Bashkimit Europian n\u00eb Shqip\u00ebri, Luigi Sorecan, i cili do t\u00eb largohet nga vendi yn\u00eb n\u00eb prill. Ajo shkruan se \u201cnuk \u00ebsht\u00eb e leht\u00eb t\u00eb thuash kurr\u00eb lamtumir\u00eb, sidomos kur b\u00ebhet fjal\u00eb p\u00ebr dik\u00eb si Luigi Soreca\u201d. Kim [&hellip;]<\/p>\n","protected":false},"author":2030,"featured_media":247804,"comment_status":"closed","ping_status":"closed","sticky":false,"template":"","format":"standard","meta":{"footnotes":""},"categories":[241,3366,5380,231],"tags":[],"class_list":{"0":"post-247803","1":"post","2":"type-post","3":"status-publish","4":"format-standard","5":"has-post-thumbnail","7":"category-aktualitet","8":"category-koment","9":"category-kryesore","10":"category-lajme"},"_links":{"self":[{"href":"https:\/\/zjarr.tv\/sq\/wp-json\/wp\/v2\/posts\/247803","targetHints":{"allow":["GET"]}}],"collection":[{"href":"https:\/\/zjarr.tv\/sq\/wp-json\/wp\/v2\/posts"}],"about":[{"href":"https:\/\/zjarr.tv\/sq\/wp-json\/wp\/v2\/types\/post"}],"author":[{"embeddable":true,"href":"https:\/\/zjarr.tv\/sq\/wp-json\/wp\/v2\/users\/2030"}],"replies":[{"embeddable":true,"href":"https:\/\/zjarr.tv\/sq\/wp-json\/wp\/v2\/comments?post=247803"}],"version-history":[{"count":0,"href":"https:\/\/zjarr.tv\/sq\/wp-json\/wp\/v2\/posts\/247803\/revisions"}],"wp:featuredmedia":[{"embeddable":true,"href":"https:\/\/zjarr.tv\/sq\/wp-json\/wp\/v2\/media\/247804"}],"wp:attachment":[{"href":"https:\/\/zjarr.tv\/sq\/wp-json\/wp\/v2\/media?parent=247803"}],"wp:term":[{"taxonomy":"category","embeddable":true,"href":"https:\/\/zjarr.tv\/sq\/wp-json\/wp\/v2\/categories?post=247803"},{"taxonomy":"post_tag","embeddable":true,"href":"https:\/\/zjarr.tv\/sq\/wp-json\/wp\/v2\/tags?post=247803"}],"curies":[{"name":"wp","href":"https:\/\/api.w.org\/{rel}","templated":true}]}}