{"id":247811,"date":"2022-03-30T17:51:13","date_gmt":"2022-03-30T15:51:13","guid":{"rendered":"https:\/\/zjarr.tv\/?p=247811"},"modified":"2022-03-30T17:51:13","modified_gmt":"2022-03-30T15:51:13","slug":"alibeaj-keshilli-i-mandateve-duhet-te-mblidhet-dhe-nese-deputeti-jep-doreheqjen","status":"publish","type":"post","link":"https:\/\/zjarr.tv\/sq\/alibeaj-keshilli-i-mandateve-duhet-te-mblidhet-dhe-nese-deputeti-jep-doreheqjen\/","title":{"rendered":"Alibeaj: K\u00ebshilli i Mandateve duhet t\u00eb mblidhet, dhe n\u00ebse deputeti jep dor\u00ebheqjen"},"content":{"rendered":"<p>Kreu i grupit parlamentar t\u00eb PD-s\u00eb, Enkelejd Alibeaj thot\u00eb se Kuvendi i Shqip\u00ebris\u00eb ka shkelur rregulloren duke anuluar mbledhjen e K\u00ebshillit t\u00eb Mandateve, pasi deputeti Alqi Bllako vendosi t\u00eb jap\u00eb dor\u00ebheqjen disa minuta para orarit t\u00eb mbledhjes.<\/p>\n<p>Alibeaj tha se K\u00ebshilli i Mandateve mblidhet me k\u00ebrkes\u00eb t\u00eb Prokuroris\u00eb dhe jo t\u00eb Kuvendit, edhe pse nj\u00eb deputet jep dor\u00ebheqjen para se t\u00eb merret vendimi p\u00ebr imunitetin e tij. Ai akuzoi kryetaren e Kuvendit p\u00ebr shkelje t\u00eb rregullores dhe Kushtetut\u00ebs.<\/p>\n<p>Sipas Alibeajt, K\u00ebshilli duhet t\u00eb mblidhet, pasi k\u00ebrkesa e prokuroris\u00eb mbetet pezull.<\/p>\n<p>\u201cN\u00eb m\u00ebnyr\u00eb t\u00eb habitshme p\u00ebr k\u00ebdo edhe p\u00ebr ne, n\u00eb post\u00ebn elektronike vjen nj\u00eb njoftim sipas t\u00eb cilit Kryetarja e Kuvendit, n\u00eb m\u00ebnyr\u00ebn m\u00eb anti-ligjore t\u00eb mundshme ka vendosur anulimin e mbledhjes s\u00eb K\u00ebshillit t\u00eb Mandateve dhe Rregullores. E \u00e7uditshme, e pad\u00ebgjuar, n\u00eb shkelje t\u00eb Kushtetut\u00ebs dhe t\u00eb rregullores. Nga momenti q\u00eb Kryetari i Kuvendit th\u00ebrret K\u00ebshillin e Mandateve, kompetenca i kalon k\u00ebtij K\u00ebshilli.<\/p>\n<p>\u00cbsht\u00eb ai q\u00eb vendos p\u00ebr heqjen e imunitetit ose jo. Kodi i procedur\u00ebs penale, kjo \u00ebsht\u00eb \u00e7\u00ebshtje teknike. K\u00ebshilli i mandateve ka nj\u00eb k\u00ebrkes\u00eb q\u00eb \u00ebsht\u00eb pezull. Q\u00ebndron n\u00eb dyert e k\u00ebtij kuvendi. Ngelet pa p\u00ebrgjigje k\u00ebrkesa e prokuroris\u00eb. \u00cbsht\u00eb e drejta e tij t\u00eb jap\u00eb dor\u00ebheqjen, por kjo nuk ndikon n\u00eb detyrimin q\u00eb kan\u00eb an\u00ebtar\u00ebt e K\u00ebshillit p\u00ebr t\u2019u shprehur. Ne na \u00ebsht\u00eb paraqitur nj\u00eb k\u00ebrkes\u00eb e protokolluar\u201d, u shpreh Alibeaj.<\/p>\n","protected":false},"excerpt":{"rendered":"<p>Kreu i grupit parlamentar t\u00eb PD-s\u00eb, Enkelejd Alibeaj thot\u00eb se Kuvendi i Shqip\u00ebris\u00eb ka shkelur rregulloren duke anuluar mbledhjen e K\u00ebshillit t\u00eb Mandateve, pasi deputeti Alqi Bllako vendosi t\u00eb jap\u00eb dor\u00ebheqjen disa minuta para orarit t\u00eb mbledhjes. Alibeaj tha se K\u00ebshilli i Mandateve mblidhet me k\u00ebrkes\u00eb t\u00eb Prokuroris\u00eb dhe jo t\u00eb Kuvendit, edhe pse nj\u00eb [&hellip;]<\/p>\n","protected":false},"author":2030,"featured_media":211895,"comment_status":"closed","ping_status":"closed","sticky":false,"template":"","format":"standard","meta":{"footnotes":""},"categories":[241,3366,5380,231,1454],"tags":[],"class_list":{"0":"post-247811","1":"post","2":"type-post","3":"status-publish","4":"format-standard","5":"has-post-thumbnail","7":"category-aktualitet","8":"category-koment","9":"category-kryesore","10":"category-lajme","11":"category-politike"},"_links":{"self":[{"href":"https:\/\/zjarr.tv\/sq\/wp-json\/wp\/v2\/posts\/247811","targetHints":{"allow":["GET"]}}],"collection":[{"href":"https:\/\/zjarr.tv\/sq\/wp-json\/wp\/v2\/posts"}],"about":[{"href":"https:\/\/zjarr.tv\/sq\/wp-json\/wp\/v2\/types\/post"}],"author":[{"embeddable":true,"href":"https:\/\/zjarr.tv\/sq\/wp-json\/wp\/v2\/users\/2030"}],"replies":[{"embeddable":true,"href":"https:\/\/zjarr.tv\/sq\/wp-json\/wp\/v2\/comments?post=247811"}],"version-history":[{"count":0,"href":"https:\/\/zjarr.tv\/sq\/wp-json\/wp\/v2\/posts\/247811\/revisions"}],"wp:featuredmedia":[{"embeddable":true,"href":"https:\/\/zjarr.tv\/sq\/wp-json\/wp\/v2\/media\/211895"}],"wp:attachment":[{"href":"https:\/\/zjarr.tv\/sq\/wp-json\/wp\/v2\/media?parent=247811"}],"wp:term":[{"taxonomy":"category","embeddable":true,"href":"https:\/\/zjarr.tv\/sq\/wp-json\/wp\/v2\/categories?post=247811"},{"taxonomy":"post_tag","embeddable":true,"href":"https:\/\/zjarr.tv\/sq\/wp-json\/wp\/v2\/tags?post=247811"}],"curies":[{"name":"wp","href":"https:\/\/api.w.org\/{rel}","templated":true}]}}