{"id":247823,"date":"2022-03-30T18:23:46","date_gmt":"2022-03-30T16:23:46","guid":{"rendered":"https:\/\/zjarr.tv\/?p=247823"},"modified":"2022-03-30T18:23:46","modified_gmt":"2022-03-30T16:23:46","slug":"yuri-kim-takohet-me-drejtorin-e-policise-gledis-nano","status":"publish","type":"post","link":"https:\/\/zjarr.tv\/sq\/yuri-kim-takohet-me-drejtorin-e-policise-gledis-nano\/","title":{"rendered":"Yuri Kim takohet me drejtorin e Policis\u00eb Gledis Nano"},"content":{"rendered":"<p>Ambasadorja e SHBA n\u00eb Tiran\u00eb, Yuri Kim \u00ebsht\u00eb takuar sot me drejtorin e p\u00ebrgjithsh\u00ebm e Policis\u00eb s\u00eb Shtetit Gledis Nano.<\/p>\n<p>Diplomatja\u00a0 amerikane shkruan p\u00ebrmes nj\u00eb postimi n\u00eb T\u00ebitter se fol\u00ebn p\u00ebr t\u00eb forcuar bashk\u00ebpunimin n\u00eb zbatimin e ligjit dhe kund\u00ebr terrorizmit, e cila \u00ebsht\u00eb thelb\u00ebsore p\u00ebr integritetin e Policis\u00eb.<\/p>\n<p>M\u00eb tej Kim falenderon punonj\u00ebsit e policis\u00eb p\u00ebr guximin dhe sakrificat p\u00ebr t\u00eb mbrojtur jet\u00ebn e qytetar\u00ebve.<\/p>\n<p>\u201cU takova sot me drejtorin e Policis\u00eb s\u00eb Shtetit, Gledis Nano p\u00ebr t\u00eb forcuar bashk\u00ebpunimin n\u00eb zbatimin e ligjit dhe kund\u00ebr terrorizmit. Thelb\u00ebsore p\u00ebr t\u00eb siguruar integritetin n\u00eb veprimet e policis\u00eb, duke p\u00ebrfshir\u00eb operacionet dhe vendimet e personelit. Faleminderit oficer\u00ebve t\u00eb policis\u00eb p\u00ebr guximin dhe sakrificat p\u00ebr t\u00eb mbrojtur qytetar\u00ebt\u201d, shkruan Yuri Kim.<\/p>\n","protected":false},"excerpt":{"rendered":"<p>Ambasadorja e SHBA n\u00eb Tiran\u00eb, Yuri Kim \u00ebsht\u00eb takuar sot me drejtorin e p\u00ebrgjithsh\u00ebm e Policis\u00eb s\u00eb Shtetit Gledis Nano. Diplomatja\u00a0 amerikane shkruan p\u00ebrmes nj\u00eb postimi n\u00eb T\u00ebitter se fol\u00ebn p\u00ebr t\u00eb forcuar bashk\u00ebpunimin n\u00eb zbatimin e ligjit dhe kund\u00ebr terrorizmit, e cila \u00ebsht\u00eb thelb\u00ebsore p\u00ebr integritetin e Policis\u00eb. M\u00eb tej Kim falenderon punonj\u00ebsit e [&hellip;]<\/p>\n","protected":false},"author":2030,"featured_media":247824,"comment_status":"closed","ping_status":"closed","sticky":false,"template":"","format":"standard","meta":{"footnotes":""},"categories":[241,3366,5380,231],"tags":[],"class_list":{"0":"post-247823","1":"post","2":"type-post","3":"status-publish","4":"format-standard","5":"has-post-thumbnail","7":"category-aktualitet","8":"category-koment","9":"category-kryesore","10":"category-lajme"},"_links":{"self":[{"href":"https:\/\/zjarr.tv\/sq\/wp-json\/wp\/v2\/posts\/247823","targetHints":{"allow":["GET"]}}],"collection":[{"href":"https:\/\/zjarr.tv\/sq\/wp-json\/wp\/v2\/posts"}],"about":[{"href":"https:\/\/zjarr.tv\/sq\/wp-json\/wp\/v2\/types\/post"}],"author":[{"embeddable":true,"href":"https:\/\/zjarr.tv\/sq\/wp-json\/wp\/v2\/users\/2030"}],"replies":[{"embeddable":true,"href":"https:\/\/zjarr.tv\/sq\/wp-json\/wp\/v2\/comments?post=247823"}],"version-history":[{"count":0,"href":"https:\/\/zjarr.tv\/sq\/wp-json\/wp\/v2\/posts\/247823\/revisions"}],"wp:featuredmedia":[{"embeddable":true,"href":"https:\/\/zjarr.tv\/sq\/wp-json\/wp\/v2\/media\/247824"}],"wp:attachment":[{"href":"https:\/\/zjarr.tv\/sq\/wp-json\/wp\/v2\/media?parent=247823"}],"wp:term":[{"taxonomy":"category","embeddable":true,"href":"https:\/\/zjarr.tv\/sq\/wp-json\/wp\/v2\/categories?post=247823"},{"taxonomy":"post_tag","embeddable":true,"href":"https:\/\/zjarr.tv\/sq\/wp-json\/wp\/v2\/tags?post=247823"}],"curies":[{"name":"wp","href":"https:\/\/api.w.org\/{rel}","templated":true}]}}