{"id":247838,"date":"2022-03-30T18:37:43","date_gmt":"2022-03-30T16:37:43","guid":{"rendered":"https:\/\/zjarr.tv\/?p=247838"},"modified":"2022-03-30T18:37:43","modified_gmt":"2022-03-30T16:37:43","slug":"nuk-njoftoi-berishen-per-mbledhjen-e-grupit-parlamentar-kellici-alibeaj-nuk-ka-tager-ja-arsyeja","status":"publish","type":"post","link":"https:\/\/zjarr.tv\/sq\/nuk-njoftoi-berishen-per-mbledhjen-e-grupit-parlamentar-kellici-alibeaj-nuk-ka-tager-ja-arsyeja\/","title":{"rendered":"Nuk njoftoi Berish\u00ebn p\u00ebr mbledhjen e grupit parlamentar\/ K\u00eblli\u00e7i: Alibeaj nuk ka tag\u00ebr, ja arsyeja"},"content":{"rendered":"<p>Ish kryeministri Sali Berisha n\u00eb nj\u00eb deklarat\u00eb p\u00ebr media konfirmoi pjes\u00ebmarrjen n\u00eb mbledhjen e grupit parlamentar t\u00eb PD q\u00eb do t\u00eb mbahet dit\u00ebn e nes\u00ebrme, ndon\u00ebse nuk ishte njoftuar nga Enkelejd Alibeaj.<\/p>\n<p>Lidhur me k\u00ebt\u00eb, ka reaguar dit\u00ebn e sotme deputeti Belind K\u00eblli\u00e7i, i cili u shpreh se Alibeaj nuk ka asnj\u00eb tag\u00ebr t\u00eb caktoj\u00eb se kush jan\u00eb deputet\u00ebt q\u00eb do marrin pjes\u00eb n\u00eb mbledhje. K\u00ebt\u00eb ai e lidh me faktin se Gjykata e Tiran\u00ebs njohu \u201c11 dhjetorin\u201d dhe si rrjedhim Alibeaj nuk e mban m\u00eb postin e kryetarit t\u00eb Komanduar.<\/p>\n<p>\u201cNuk ka tag\u00ebr q\u00eb t\u00eb caktoj\u00eb se kush jan\u00eb deputet t\u00eb PD dhe se kush nuk jan\u00eb, k\u00ebt\u00eb e kan\u00eb caktua dhe vendosur me vot\u00eb qytetar\u00ebt m\u00eb 25 prill. Basha q\u00eb mori vendimmarrje personale, sot \u00ebsht\u00eb i larguar n\u00eb PD dhe ka t\u00eb b\u00ebj\u00eb edhe me statutin p\u00ebr t\u00eb larguar n\u00eb m\u00ebnyr\u00eb personale\u201d, shpreh K\u00eblli\u00e7i.<\/p>\n<p>Sipas tij, puna p\u00ebr \u2018pastrimin\u2019 e selis\u00eb s\u00eb PD-s\u00eb \u00ebsht\u00eb n\u00eb proces e sip\u00ebr, ku kan\u00eb filluar me lyerjen e saj dhe heqjen e dyerve t\u00eb blinduara. Ai theksoi se po mbahen edhe zgjedhjet p\u00ebr kryetar\u00ebt e rinj t\u00eb deg\u00ebve, ku muaji prill do ta gjej\u00eb PD-n\u00eb me struktura t\u00eb riformatuara.<\/p>\n<p>\u201cJemi n\u00eb nj\u00eb proces riorganizimi, jemi n\u00eb nj\u00eb proces q\u00eb e pezulluam p\u00ebr shkak t\u00eb zgjedhjeve, Kuvendi u \u00e7ua n\u00eb 30 prill, deg\u00ebt jan\u00eb duke b\u00ebr\u00eb zgjedhje, riorganizimi vijon deri m\u00eb 20 prill p\u00ebr t\u00eb zgjedhur kryetar\u00ebt e deg\u00ebve. M\u00eb 30 prill do kemi K\u00ebshill t\u00eb ri Komb\u00ebtar, q\u00eb do votohet nga an\u00ebtar\u00ebt. Fokusi jon\u00eb \u00ebsht\u00eb t\u00eb riorganizohemi i forc\u00eb politike se zgjedhjet jan\u00eb pas dere. Godina \u00ebsht\u00eb n\u00eb nj\u00eb rikonstruksion t\u00eb plot\u00eb, po pastrohet dhe brenda pak dit\u00ebsh do kthehet n\u00eb gjendje normale. Ne jemi forc\u00eb e hapur, demokratike, ku vlera jon\u00eb m\u00eb e madhe \u00ebsht\u00eb mendimi ndryshe\u201d, tha K\u00eblli\u00e7i.<\/p>\n","protected":false},"excerpt":{"rendered":"<p>Ish kryeministri Sali Berisha n\u00eb nj\u00eb deklarat\u00eb p\u00ebr media konfirmoi pjes\u00ebmarrjen n\u00eb mbledhjen e grupit parlamentar t\u00eb PD q\u00eb do t\u00eb mbahet dit\u00ebn e nes\u00ebrme, ndon\u00ebse nuk ishte njoftuar nga Enkelejd Alibeaj. Lidhur me k\u00ebt\u00eb, ka reaguar dit\u00ebn e sotme deputeti Belind K\u00eblli\u00e7i, i cili u shpreh se Alibeaj nuk ka asnj\u00eb tag\u00ebr t\u00eb caktoj\u00eb [&hellip;]<\/p>\n","protected":false},"author":2030,"featured_media":247839,"comment_status":"closed","ping_status":"closed","sticky":false,"template":"","format":"standard","meta":{"footnotes":""},"categories":[241,3366,5380,231,1454],"tags":[],"class_list":{"0":"post-247838","1":"post","2":"type-post","3":"status-publish","4":"format-standard","5":"has-post-thumbnail","7":"category-aktualitet","8":"category-koment","9":"category-kryesore","10":"category-lajme","11":"category-politike"},"_links":{"self":[{"href":"https:\/\/zjarr.tv\/sq\/wp-json\/wp\/v2\/posts\/247838","targetHints":{"allow":["GET"]}}],"collection":[{"href":"https:\/\/zjarr.tv\/sq\/wp-json\/wp\/v2\/posts"}],"about":[{"href":"https:\/\/zjarr.tv\/sq\/wp-json\/wp\/v2\/types\/post"}],"author":[{"embeddable":true,"href":"https:\/\/zjarr.tv\/sq\/wp-json\/wp\/v2\/users\/2030"}],"replies":[{"embeddable":true,"href":"https:\/\/zjarr.tv\/sq\/wp-json\/wp\/v2\/comments?post=247838"}],"version-history":[{"count":0,"href":"https:\/\/zjarr.tv\/sq\/wp-json\/wp\/v2\/posts\/247838\/revisions"}],"wp:featuredmedia":[{"embeddable":true,"href":"https:\/\/zjarr.tv\/sq\/wp-json\/wp\/v2\/media\/247839"}],"wp:attachment":[{"href":"https:\/\/zjarr.tv\/sq\/wp-json\/wp\/v2\/media?parent=247838"}],"wp:term":[{"taxonomy":"category","embeddable":true,"href":"https:\/\/zjarr.tv\/sq\/wp-json\/wp\/v2\/categories?post=247838"},{"taxonomy":"post_tag","embeddable":true,"href":"https:\/\/zjarr.tv\/sq\/wp-json\/wp\/v2\/tags?post=247838"}],"curies":[{"name":"wp","href":"https:\/\/api.w.org\/{rel}","templated":true}]}}