{"id":248254,"date":"2022-04-01T18:34:38","date_gmt":"2022-04-01T16:34:38","guid":{"rendered":"https:\/\/zjarr.tv\/?p=248254"},"modified":"2022-04-01T18:34:38","modified_gmt":"2022-04-01T16:34:38","slug":"basha-po-nis-nje-foltore-te-dyte-paloka-kam-bindjen-se-ai-qendron-pas-alibeajt-dhe-bardhit-kemi-informacione-se-ne-takime-nuk-flet-per-bashkim","status":"publish","type":"post","link":"https:\/\/zjarr.tv\/sq\/basha-po-nis-nje-foltore-te-dyte-paloka-kam-bindjen-se-ai-qendron-pas-alibeajt-dhe-bardhit-kemi-informacione-se-ne-takime-nuk-flet-per-bashkim\/","title":{"rendered":"Basha po nis nj\u00eb \u201cfoltore\u201d t\u00eb dyt\u00eb? Paloka: Kam bindjen se ai q\u00ebndron pas Alibeajt dhe Bardhit, kemi informacione se n\u00eb takime nuk flet p\u00ebr bashkim"},"content":{"rendered":"<p>Deputeti i PD, Edi Paloka me an\u00eb t\u00eb nj\u00eb lidhje \u201cskype\u201d p\u00ebr studion e Fax News ka folur mbi situat\u00ebn ku gjendet partia Demokratike, pas dor\u00ebhqejes s\u00eb Bash\u00ebs dhe pas organizimit p\u00ebr ristrukturim.<\/p>\n<p>Paloka tha se besionte se pas Alibeajt dhe Bardhit q\u00ebndronte Basha pasi, t\u00eb dy ata nuk hiqnin dor\u00eb nga termi \u201ct\u00eb p\u00ebrjashtuarit\u201d edhe pse flasin p\u00ebr bashkim.<\/p>\n<p>I pyetur mbi takimet q\u00eb Basha po zhvillon, Paloka tha se kishin informacione se n\u00eb disktuime nuk flitej p\u00ebr bashkim.<\/p>\n<p>Pyetje: Duket se nj\u00eb foltore e dyt\u00eb ka lindur n\u00eb PD n\u00eb krye t\u00eb s\u00eb cil\u00ebs tashm\u00eb duket se \u00ebsht\u00eb zoti Basha\u2026<\/p>\n<p>Paloka: Nuk do e quaja foltore e dyt\u00eb, sepse foltoret kan\u00eb qen\u00eb publike t\u00eb hapura p\u00ebr k\u00ebdo. Ajo q\u00eb po b\u00ebn Basha, do shohim se ku do dal\u00eb. Ai flet p\u00ebr bashkim, por me informacionet q\u00eb kemi ne vet\u00ebm p\u00ebr bashkim nuk po flet n\u00eb takime. Kam bindjen time q\u00eb edhe Alibeaj edhe Bardhi nuk flasin me kok\u00ebn e vet\u00eb. Kam bindje q\u00eb pas tyre q\u00ebndron Basha.<\/p>\n<p>Pyetje: A do jet\u00eb Berisha i pranish\u00ebm n\u00eb mbledhjet e ardhshme t\u00eb grupit parlamentar?<\/p>\n<p>Alibeaj: Sigurisht q\u00eb do t\u00eb jet\u00eb. Ne jemi mbledhur si n\u00eb nj\u00eb mbledhje t\u00eb zakonshme t\u00eb grupit, pasi u rikthyem n\u00eb normalitet. Alibeaj p\u00ebrs\u00ebriste disa her\u00eb t\u00eb p\u00ebrjashtuarit nd\u00ebrkoh\u00eb q\u00eb fliste p\u00ebr bashkim.<\/p>\n<p>P\u00ebr t\u00eb qen\u00eb i sinqert\u00eb pas gjith\u00eb asaj q\u00eb ndodhi, 8 janari krijoi nj\u00eb lloj ekstremizimi t\u00eb an\u00ebtar\u00ebsis\u00eb pasi si\u00e7 e keni ndjekur t\u00eb gjith\u00eb, u p\u00ebrdor policia e Ram\u00ebs me gaz kund\u00ebr demokrat\u00ebve. P\u00ebr t\u00eb qen\u00eb realist, nuk do jet\u00eb aq e leht\u00eb kjo p\u00ebr t\u2019u harruar.<\/p>\n","protected":false},"excerpt":{"rendered":"<p>Deputeti i PD, Edi Paloka me an\u00eb t\u00eb nj\u00eb lidhje \u201cskype\u201d p\u00ebr studion e Fax News ka folur mbi situat\u00ebn ku gjendet partia Demokratike, pas dor\u00ebhqejes s\u00eb Bash\u00ebs dhe pas organizimit p\u00ebr ristrukturim. Paloka tha se besionte se pas Alibeajt dhe Bardhit q\u00ebndronte Basha pasi, t\u00eb dy ata nuk hiqnin dor\u00eb nga termi \u201ct\u00eb p\u00ebrjashtuarit\u201d [&hellip;]<\/p>\n","protected":false},"author":2030,"featured_media":248255,"comment_status":"closed","ping_status":"closed","sticky":false,"template":"","format":"standard","meta":{"footnotes":""},"categories":[241,3366,5380,231,1454],"tags":[],"class_list":{"0":"post-248254","1":"post","2":"type-post","3":"status-publish","4":"format-standard","5":"has-post-thumbnail","7":"category-aktualitet","8":"category-koment","9":"category-kryesore","10":"category-lajme","11":"category-politike"},"_links":{"self":[{"href":"https:\/\/zjarr.tv\/sq\/wp-json\/wp\/v2\/posts\/248254","targetHints":{"allow":["GET"]}}],"collection":[{"href":"https:\/\/zjarr.tv\/sq\/wp-json\/wp\/v2\/posts"}],"about":[{"href":"https:\/\/zjarr.tv\/sq\/wp-json\/wp\/v2\/types\/post"}],"author":[{"embeddable":true,"href":"https:\/\/zjarr.tv\/sq\/wp-json\/wp\/v2\/users\/2030"}],"replies":[{"embeddable":true,"href":"https:\/\/zjarr.tv\/sq\/wp-json\/wp\/v2\/comments?post=248254"}],"version-history":[{"count":0,"href":"https:\/\/zjarr.tv\/sq\/wp-json\/wp\/v2\/posts\/248254\/revisions"}],"wp:featuredmedia":[{"embeddable":true,"href":"https:\/\/zjarr.tv\/sq\/wp-json\/wp\/v2\/media\/248255"}],"wp:attachment":[{"href":"https:\/\/zjarr.tv\/sq\/wp-json\/wp\/v2\/media?parent=248254"}],"wp:term":[{"taxonomy":"category","embeddable":true,"href":"https:\/\/zjarr.tv\/sq\/wp-json\/wp\/v2\/categories?post=248254"},{"taxonomy":"post_tag","embeddable":true,"href":"https:\/\/zjarr.tv\/sq\/wp-json\/wp\/v2\/tags?post=248254"}],"curies":[{"name":"wp","href":"https:\/\/api.w.org\/{rel}","templated":true}]}}