{"id":248298,"date":"2022-04-02T12:04:37","date_gmt":"2022-04-02T10:04:37","guid":{"rendered":"https:\/\/zjarr.tv\/?p=248298"},"modified":"2022-04-02T12:04:37","modified_gmt":"2022-04-02T10:04:37","slug":"2-prilli-eshte-me-aktual-se-kurre-berisha-thirrje-te-rinjve-te-bashkojme-forcat-kunder-kesaj-klike","status":"publish","type":"post","link":"https:\/\/zjarr.tv\/sq\/2-prilli-eshte-me-aktual-se-kurre-berisha-thirrje-te-rinjve-te-bashkojme-forcat-kunder-kesaj-klike\/","title":{"rendered":"\u201c2 Prilli \u00ebsht\u00eb m\u00eb aktual se kurr\u00eb\u201d, Berisha thirrje t\u00eb rinjve: T\u00eb bashkojm\u00eb forcat kund\u00ebr k\u00ebsaj klike"},"content":{"rendered":"<p>Ish-kryeministri Sali Berisha ka qen\u00eb sot n\u00eb Shkod\u00ebr, ku ka kryer homazhe p\u00ebr 4 t\u00eb rinjt\u00eb e vrar\u00eb n\u00eb masakr\u00ebn e 2 Prillit.<\/p>\n<p>Gjat\u00eb fjal\u00ebs s\u00eb tij, Berisha tha se 2 Prilli \u00ebsht\u00eb m\u00eb aktual se kurr\u00eb, dhe iu b\u00ebri thirrje t\u00eb rinjve q\u00eb t\u00eb bashkoheshin kund\u00ebr qeveris\u00eb, q\u00eb \u00ebsht\u00eb duke mbajtur pushtetin me veprime t\u00eb ngjashme me \u2018organizatat kriminale\u2019.<\/p>\n<p>Pjes\u00eb nga fjala e Berish\u00ebs:<\/p>\n<p>T\u00eb dashur familjar\u00eb, prind\u00ebr, v\u00ebllez\u00ebr, motra, nip\u00ebr mbesa, t\u00eb dashur qytetare dhe qytetar\u00eb t\u00eb Shkodr\u00ebs, t\u00eb dashur deputet\u00eb, i dashur kryetar i Bashkis\u00eb s\u00eb Shkod\u00ebr, jemi mbledhur k\u00ebtu p\u00ebr t\u00eb nderuar vepr\u00ebn dhe kujtimin e martir\u00ebve, jemi k\u00ebtu p\u00ebr t\u00eb nderuar vepr\u00ebn e 4 heronje t\u00eb PD-s\u00eb, por edhe t\u00eb 87 qytetar\u00ebve t\u00eb Shkodr\u00ebs, q\u00eb n\u00eb nj\u00eb masak\u00ebr terroriste u plagos\u00ebn n\u00eb rrug\u00ebt dhe sheshet e k\u00ebtij qyteti.<\/p>\n<p>Miqt\u00eb e mi, n\u00eb 2 Prill, 1991, gjimnazist\u00ebt e Shkodr\u00ebs e mbush\u00ebn k\u00ebt\u00eb shesh n\u00eb protest\u00ebn m\u00eb t\u00eb civilizuar q\u00eb mund t\u00eb b\u00ebj\u00eb njeriu i lir\u00eb, t\u00eb ulur mbi \u00e7antat me librat e tyre, regjimi diktatorial do t\u00eb festonte fitoren mbi aktin e tyre.<\/p>\n<p>Sot vota e lir\u00eb \u00ebsht\u00eb e konfiskuar nga patronazhist\u00ebt dhe nga tregu kriminal i blerjes dhe shitjes s\u00eb vot\u00ebs, nga banda e qeveris\u00eb, 2 Prilli sot m\u00eb shum\u00eb se kurr\u00eb ka nj\u00eb apel p\u00ebr t\u00eb rinjt\u00eb shqiptar\u00eb, q\u00eb t\u00eb vazhdojn\u00eb betej\u00ebn e tyre p\u00ebr vot\u00ebn e lir\u00eb.<\/p>\n<p>Sot t\u00eb rinjt\u00eb shqiptar\u00eb p\u00ebrballen me qeveri q\u00eb me veprimet e saj p\u00ebrb\u00ebn nj\u00eb organizat\u00eb t\u00eb v\u00ebrtet\u00eb kriminale, q\u00eb vjedh dhe pla\u00e7kit shqiptar\u00ebt, vot\u00ebn e tyre, lirit\u00eb e tyre, pasurit\u00eb e tyre. Kjo p\u00ebrb\u00ebn nj\u00eb apel p\u00ebr \u00e7do qytetar shqiptar, q\u00eb t\u00eb bashkojm\u00eb forcat kund\u00ebr k\u00ebsaj klike q\u00eb nuk ka asgj\u00eb t\u00eb p\u00ebrbashk\u00ebt me idealet e liris\u00eb, p\u00ebr t\u00eb cilat sakrifikuan martir\u00ebt e Shkodr\u00ebs.<\/p>\n","protected":false},"excerpt":{"rendered":"<p>Ish-kryeministri Sali Berisha ka qen\u00eb sot n\u00eb Shkod\u00ebr, ku ka kryer homazhe p\u00ebr 4 t\u00eb rinjt\u00eb e vrar\u00eb n\u00eb masakr\u00ebn e 2 Prillit. Gjat\u00eb fjal\u00ebs s\u00eb tij, Berisha tha se 2 Prilli \u00ebsht\u00eb m\u00eb aktual se kurr\u00eb, dhe iu b\u00ebri thirrje t\u00eb rinjve q\u00eb t\u00eb bashkoheshin kund\u00ebr qeveris\u00eb, q\u00eb \u00ebsht\u00eb duke mbajtur pushtetin me veprime [&hellip;]<\/p>\n","protected":false},"author":2020,"featured_media":248299,"comment_status":"closed","ping_status":"closed","sticky":false,"template":"","format":"standard","meta":{"footnotes":""},"categories":[241,5380,231],"tags":[],"class_list":{"0":"post-248298","1":"post","2":"type-post","3":"status-publish","4":"format-standard","5":"has-post-thumbnail","7":"category-aktualitet","8":"category-kryesore","9":"category-lajme"},"_links":{"self":[{"href":"https:\/\/zjarr.tv\/sq\/wp-json\/wp\/v2\/posts\/248298","targetHints":{"allow":["GET"]}}],"collection":[{"href":"https:\/\/zjarr.tv\/sq\/wp-json\/wp\/v2\/posts"}],"about":[{"href":"https:\/\/zjarr.tv\/sq\/wp-json\/wp\/v2\/types\/post"}],"author":[{"embeddable":true,"href":"https:\/\/zjarr.tv\/sq\/wp-json\/wp\/v2\/users\/2020"}],"replies":[{"embeddable":true,"href":"https:\/\/zjarr.tv\/sq\/wp-json\/wp\/v2\/comments?post=248298"}],"version-history":[{"count":0,"href":"https:\/\/zjarr.tv\/sq\/wp-json\/wp\/v2\/posts\/248298\/revisions"}],"wp:featuredmedia":[{"embeddable":true,"href":"https:\/\/zjarr.tv\/sq\/wp-json\/wp\/v2\/media\/248299"}],"wp:attachment":[{"href":"https:\/\/zjarr.tv\/sq\/wp-json\/wp\/v2\/media?parent=248298"}],"wp:term":[{"taxonomy":"category","embeddable":true,"href":"https:\/\/zjarr.tv\/sq\/wp-json\/wp\/v2\/categories?post=248298"},{"taxonomy":"post_tag","embeddable":true,"href":"https:\/\/zjarr.tv\/sq\/wp-json\/wp\/v2\/tags?post=248298"}],"curies":[{"name":"wp","href":"https:\/\/api.w.org\/{rel}","templated":true}]}}