{"id":248307,"date":"2022-04-02T12:25:29","date_gmt":"2022-04-02T10:25:29","guid":{"rendered":"https:\/\/zjarr.tv\/?p=248307"},"modified":"2022-04-02T12:25:29","modified_gmt":"2022-04-02T10:25:29","slug":"keshillimi-kombetar-flet-rama-moren-pjese-mbi-563-mije-qytetare","status":"publish","type":"post","link":"https:\/\/zjarr.tv\/sq\/keshillimi-kombetar-flet-rama-moren-pjese-mbi-563-mije-qytetare\/","title":{"rendered":"K\u00ebshillimi Komb\u00ebtar, flet Rama: Mor\u00ebn pjes\u00eb mbi 563 mij\u00eb qytetar\u00eb"},"content":{"rendered":"<p>Procesi i K\u00ebshillimit Komb\u00ebtar, \u00ebsht\u00eb mbyllur m\u00eb 31 Mars, ku Kryeministri Edi Rama, b\u00ebn me dije se n\u00eb k\u00ebt\u00eb proces kan\u00eb marr\u00eb pjes\u00eb mbi gjysm\u00eb milioni qytetar\u00eb.<\/p>\n<p>Sipas Ram\u00ebs, me post\u00eb kan\u00eb dh\u00ebn\u00eb mendimin e tyre 340 143 qytetar\u00eb, online 127 130 qytetar\u00eb dhe n\u00eb tenda 95 922.<\/p>\n<p>Kreu i qeveris\u00eb siguron pjes\u00ebmarr\u00ebsit se z\u00ebri i tyre do t\u00eb d\u00ebgjohet me respektin m\u00eb t\u00eb madh.<\/p>\n<p>\u201cDhe me nj\u00eb falenderim t\u00eb megjith\u00ebzem\u00ebrt p\u00ebr mbi gjysm\u00eb milion\u00eb shprehje interesi p\u00ebr K\u00ebshillimin e par\u00eb Komb\u00ebtar, si edhe duke i siguruar t\u00eb t\u00ebr\u00eb pjes\u00ebmarr\u00ebsit se z\u00ebri i tyre do t\u00eb d\u00ebgjohet me respektin m\u00eb t\u00eb madh, ju uroj t\u00eb gjith\u00ebve nj\u00eb fundjav\u00eb t\u00eb qet\u00eb\u201d, shkruan Kryeministri.<\/p>\n<p>Nisma e K\u00ebshillimit Komb\u00ebtar, u komunikua fillimisht nga Kryeministri Edi Rama, m\u00eb 24 Dhjetor t\u00eb vitit 2021.<\/p>\n","protected":false},"excerpt":{"rendered":"<p>Procesi i K\u00ebshillimit Komb\u00ebtar, \u00ebsht\u00eb mbyllur m\u00eb 31 Mars, ku Kryeministri Edi Rama, b\u00ebn me dije se n\u00eb k\u00ebt\u00eb proces kan\u00eb marr\u00eb pjes\u00eb mbi gjysm\u00eb milioni qytetar\u00eb. Sipas Ram\u00ebs, me post\u00eb kan\u00eb dh\u00ebn\u00eb mendimin e tyre 340 143 qytetar\u00eb, online 127 130 qytetar\u00eb dhe n\u00eb tenda 95 922. Kreu i qeveris\u00eb siguron pjes\u00ebmarr\u00ebsit se z\u00ebri [&hellip;]<\/p>\n","protected":false},"author":2020,"featured_media":233112,"comment_status":"closed","ping_status":"closed","sticky":false,"template":"","format":"standard","meta":{"footnotes":""},"categories":[241,5380,231],"tags":[],"class_list":{"0":"post-248307","1":"post","2":"type-post","3":"status-publish","4":"format-standard","5":"has-post-thumbnail","7":"category-aktualitet","8":"category-kryesore","9":"category-lajme"},"_links":{"self":[{"href":"https:\/\/zjarr.tv\/sq\/wp-json\/wp\/v2\/posts\/248307","targetHints":{"allow":["GET"]}}],"collection":[{"href":"https:\/\/zjarr.tv\/sq\/wp-json\/wp\/v2\/posts"}],"about":[{"href":"https:\/\/zjarr.tv\/sq\/wp-json\/wp\/v2\/types\/post"}],"author":[{"embeddable":true,"href":"https:\/\/zjarr.tv\/sq\/wp-json\/wp\/v2\/users\/2020"}],"replies":[{"embeddable":true,"href":"https:\/\/zjarr.tv\/sq\/wp-json\/wp\/v2\/comments?post=248307"}],"version-history":[{"count":0,"href":"https:\/\/zjarr.tv\/sq\/wp-json\/wp\/v2\/posts\/248307\/revisions"}],"wp:featuredmedia":[{"embeddable":true,"href":"https:\/\/zjarr.tv\/sq\/wp-json\/wp\/v2\/media\/233112"}],"wp:attachment":[{"href":"https:\/\/zjarr.tv\/sq\/wp-json\/wp\/v2\/media?parent=248307"}],"wp:term":[{"taxonomy":"category","embeddable":true,"href":"https:\/\/zjarr.tv\/sq\/wp-json\/wp\/v2\/categories?post=248307"},{"taxonomy":"post_tag","embeddable":true,"href":"https:\/\/zjarr.tv\/sq\/wp-json\/wp\/v2\/tags?post=248307"}],"curies":[{"name":"wp","href":"https:\/\/api.w.org\/{rel}","templated":true}]}}