{"id":248309,"date":"2022-04-02T12:31:09","date_gmt":"2022-04-02T10:31:09","guid":{"rendered":"https:\/\/zjarr.tv\/?p=248309"},"modified":"2022-04-02T12:31:09","modified_gmt":"2022-04-02T10:31:09","slug":"nenkryetari-i-pd-durres-shperthen-ndaj-komisionit-te-rithemelimit-propagande-ska-asnje-bashkim-vec-percarjes","status":"publish","type":"post","link":"https:\/\/zjarr.tv\/sq\/nenkryetari-i-pd-durres-shperthen-ndaj-komisionit-te-rithemelimit-propagande-ska-asnje-bashkim-vec-percarjes\/","title":{"rendered":"N\u00ebnkryetari i PD Durr\u00ebs shp\u00ebrthen ndaj Komisionit t\u00eb Rithemelimit: Propagand\u00eb, s\u2019ka asnj\u00eb bashkim ve\u00e7 p\u00ebr\u00e7arjes"},"content":{"rendered":"<p>N\u00ebnkryetari i PD Durr\u00ebs, Arlind Boshku shkruan se PD e Durr\u00ebsit kund\u00ebrshton procesin e zgjedhjeve t\u00eb nj\u00eban\u00ebshme q\u00eb po zhvillohen n\u00eb Durr\u00ebs.<\/p>\n<p>Ai shkruan se n\u00eb t\u00eb gjith\u00eb grupseksionet ku jan\u00eb zhvilluar em\u00ebrimet, pjes\u00ebmarrja e an\u00ebtar\u00ebsis\u00eb ka qen\u00eb n\u00eb nivelet 20-25%.<\/p>\n<p>Nd\u00ebr t\u00eb tjera ai ka sulmuar an\u00ebtar\u00ebt e Komisionit t\u00eb Rithemelimit duke th\u00ebn\u00eb se propaganda thot\u00eb p\u00ebr bashkim, por q\u00eb n\u00eb t\u00eb v\u00ebrtet\u00eb ka vet\u00ebm p\u00ebr\u00e7arje.<\/p>\n<p>\u201cPartia Demokratike e Shqip\u00ebris\u00eb, Dega Durr\u00ebs n\u00eb mbledhjen e sotme me strukturat drejtuese kund\u00ebrshton me forc\u00eb procesin e manipuluar t\u00eb zgjedhjeve t\u00eb nj\u00eban\u00ebshme q\u00eb po zhvillohen n\u00eb Durr\u00ebs.<\/p>\n<p>N\u00eb t\u00eb gjith\u00eb Grupseksionet ku jan\u00eb zhvilluar em\u00ebrimet, pjes\u00ebmarrja e an\u00ebtar\u00ebsis\u00eb ka qen\u00eb n\u00eb nivelet 20-25%.<\/p>\n<p>Ndryshe nga sa propagandohet n\u00eb media nga an\u00ebtar\u00ebt e Komisionit t\u00eb Rithemelimit p\u00ebr bashkim, i gjith\u00eb procesi reflekton p\u00ebr\u00e7arje dhe jo bashkim.<\/p>\n<p>T\u00eb gjith\u00eb s\u00eb bashku\u00a0 ram\u00eb dakord se do t\u00eb vazhdojm\u00eb t\u00eb q\u00ebndrojm\u00eb t\u00eb pal\u00ebkundur p\u00ebr bashkim, bashkim i cili duhet t\u00eb mb\u00ebshtetet\u00a0 n\u00eb vler\u00ebsimin e kontributeve t\u00eb gjith\u00ebsecilit, n\u00eb nj\u00eb proces gjith\u00ebp\u00ebrfshir\u00ebs, transparent dhe ku t\u00eb garantohet vota e lir\u00eb\u201d shkruan Boshku n\u00eb postimin e tij.<\/p>\n","protected":false},"excerpt":{"rendered":"<p>N\u00ebnkryetari i PD Durr\u00ebs, Arlind Boshku shkruan se PD e Durr\u00ebsit kund\u00ebrshton procesin e zgjedhjeve t\u00eb nj\u00eban\u00ebshme q\u00eb po zhvillohen n\u00eb Durr\u00ebs. Ai shkruan se n\u00eb t\u00eb gjith\u00eb grupseksionet ku jan\u00eb zhvilluar em\u00ebrimet, pjes\u00ebmarrja e an\u00ebtar\u00ebsis\u00eb ka qen\u00eb n\u00eb nivelet 20-25%. Nd\u00ebr t\u00eb tjera ai ka sulmuar an\u00ebtar\u00ebt e Komisionit t\u00eb Rithemelimit duke th\u00ebn\u00eb se [&hellip;]<\/p>\n","protected":false},"author":2020,"featured_media":248311,"comment_status":"closed","ping_status":"closed","sticky":false,"template":"","format":"standard","meta":{"footnotes":""},"categories":[241,5380,231],"tags":[],"class_list":{"0":"post-248309","1":"post","2":"type-post","3":"status-publish","4":"format-standard","5":"has-post-thumbnail","7":"category-aktualitet","8":"category-kryesore","9":"category-lajme"},"_links":{"self":[{"href":"https:\/\/zjarr.tv\/sq\/wp-json\/wp\/v2\/posts\/248309","targetHints":{"allow":["GET"]}}],"collection":[{"href":"https:\/\/zjarr.tv\/sq\/wp-json\/wp\/v2\/posts"}],"about":[{"href":"https:\/\/zjarr.tv\/sq\/wp-json\/wp\/v2\/types\/post"}],"author":[{"embeddable":true,"href":"https:\/\/zjarr.tv\/sq\/wp-json\/wp\/v2\/users\/2020"}],"replies":[{"embeddable":true,"href":"https:\/\/zjarr.tv\/sq\/wp-json\/wp\/v2\/comments?post=248309"}],"version-history":[{"count":0,"href":"https:\/\/zjarr.tv\/sq\/wp-json\/wp\/v2\/posts\/248309\/revisions"}],"wp:featuredmedia":[{"embeddable":true,"href":"https:\/\/zjarr.tv\/sq\/wp-json\/wp\/v2\/media\/248311"}],"wp:attachment":[{"href":"https:\/\/zjarr.tv\/sq\/wp-json\/wp\/v2\/media?parent=248309"}],"wp:term":[{"taxonomy":"category","embeddable":true,"href":"https:\/\/zjarr.tv\/sq\/wp-json\/wp\/v2\/categories?post=248309"},{"taxonomy":"post_tag","embeddable":true,"href":"https:\/\/zjarr.tv\/sq\/wp-json\/wp\/v2\/tags?post=248309"}],"curies":[{"name":"wp","href":"https:\/\/api.w.org\/{rel}","templated":true}]}}