{"id":248316,"date":"2022-04-02T12:41:47","date_gmt":"2022-04-02T10:41:47","guid":{"rendered":"https:\/\/zjarr.tv\/?p=248316"},"modified":"2022-04-02T12:41:47","modified_gmt":"2022-04-02T10:41:47","slug":"albana-vokshi-basha-si-enver-hoxha-percau-partine-dhe-iku-berisha-do-riktheje-pd-ne-ne-pushtet","status":"publish","type":"post","link":"https:\/\/zjarr.tv\/sq\/albana-vokshi-basha-si-enver-hoxha-percau-partine-dhe-iku-berisha-do-riktheje-pd-ne-ne-pushtet\/","title":{"rendered":"Albana Vokshi: Basha si Enver Hoxha, p\u00ebr\u00e7au partin\u00eb dhe iku, Berisha do rikthej\u00eb PD-n\u00eb n\u00eb pushtet"},"content":{"rendered":"<p>Deputetja Albana Vokshi, ka faj\u00ebsuar Lulzim Bash\u00ebn p\u00ebr p\u00ebr\u00e7arjen e Partis\u00eb Demokratike, nd\u00ebrsa tani kur po b\u00ebhen sipas saj p\u00ebrpjekjet p\u00ebr bashkim, ai \u00ebsht\u00eb larguar.<\/p>\n<p>E ftuar n\u00eb \u201cReport Tv\u201d, deputetja tha se Lulzim Basha si kryetar \u201ci nxori mallin\u201d e partis\u00eb komuniste, duke e paralelizuar me Enver Hoxh\u00ebn, p\u00ebr m\u00ebnyr\u00ebn si merrte vendimet brenda Partis\u00eb Demokratike.<\/p>\n<p>\u201cDje ishte mbledhja e par\u00eb, doja q\u00eb edhe Basha t\u00eb ishte. Ai ka ikur, por ishte shkaktuar me koh\u00eb. Basha po vazhdon p\u00ebr\u00e7arjen. Dje nuk ishte dita p\u00ebr t\u00eb folur p\u00ebr 9 shtatorin, ka shum\u00eb probleme p\u00ebr t\u00eb diskutuar, si incenerator\u00ebt. Vendimi i 9 shtatorit, ishte i Bash\u00ebs. Basha kishte si mision t\u00eb p\u00ebr\u00e7ante PD, gjith\u00e7ka q\u00eb ka b\u00ebr\u00eb ai kishte q\u00ebllim k\u00ebt\u00eb. 9 shtatori nuk ka vendim, \u00ebsht\u00eb vet\u00ebm Basha. Ai e p\u00ebr\u00e7au partin\u00eb dhe iku\u2026 Basha na nxori mallin e partis\u00eb s\u00eb Enrver Hoxh\u00ebs q\u00eb p\u00ebrjashtoheshin njer\u00ebzit nga partia\u201d, tha ajo.<\/p>\n<p>Ajo theksoi faktin se PD ka p\u00ebr q\u00ebllim bashkimin, duke mos p\u00ebrjashtuar ask\u00ebnd, madje edhe Lulzim Bash\u00ebn.<\/p>\n<p>A ka mund\u00ebsi Sali Berisha t\u00eb jet\u00eb n\u00eb krye t\u00eb PD, pavar\u00ebsisht se \u00ebsht\u00eb shpallur non grata? Kjo ishte nj\u00eb nga pyetjet t\u00eb cilat iu drejtuan deputetes demokrate, e cila tha se gjith\u00e7ka do t\u00eb vendos sovrani me vot\u00ebn.<\/p>\n<p>Ajo shtoi se statuti nuk e ndalon kandidimin e Sali Berish\u00ebs dhe p\u00ebr rrjedhoj\u00eb n\u00ebse do t\u00eb votohet, sipas saj do t\u00eb mund t\u00eb jet\u00eb n\u00eb krye t\u00eb PD.<\/p>\n<p>Sipas saj, Sali Berisha n\u00ebse do t\u00eb zgjidhet kryetar i PD do t\u00eb ket\u00eb mund\u00ebsin\u00eb me koalicionet e duhura t\u00eb fitoj\u00eb.<\/p>\n<p>\u201cPD do vazhdoj\u00eb marr\u00ebdh\u00ebniet e sinqerta me SHBA si n\u00eb opozit\u00eb ashtu edhe n\u00eb qeveri. Do t\u00eb bashk\u00ebpunojm\u00eb me t\u00eb gjith\u00eb deputet\u00ebt, edhe Bash\u00ebn. Berisha mund t\u00eb b\u00ebj\u00eb koalicionet e duhura dhe t\u00eb sjell PD n\u00eb pushtet m\u00eb t\u00eb fort\u00eb\u201d,-u shpreh ajo.<\/p>\n","protected":false},"excerpt":{"rendered":"<p>Deputetja Albana Vokshi, ka faj\u00ebsuar Lulzim Bash\u00ebn p\u00ebr p\u00ebr\u00e7arjen e Partis\u00eb Demokratike, nd\u00ebrsa tani kur po b\u00ebhen sipas saj p\u00ebrpjekjet p\u00ebr bashkim, ai \u00ebsht\u00eb larguar. E ftuar n\u00eb \u201cReport Tv\u201d, deputetja tha se Lulzim Basha si kryetar \u201ci nxori mallin\u201d e partis\u00eb komuniste, duke e paralelizuar me Enver Hoxh\u00ebn, p\u00ebr m\u00ebnyr\u00ebn si merrte vendimet brenda [&hellip;]<\/p>\n","protected":false},"author":2020,"featured_media":248320,"comment_status":"closed","ping_status":"closed","sticky":false,"template":"","format":"standard","meta":{"footnotes":""},"categories":[241,5380,231],"tags":[],"class_list":{"0":"post-248316","1":"post","2":"type-post","3":"status-publish","4":"format-standard","5":"has-post-thumbnail","7":"category-aktualitet","8":"category-kryesore","9":"category-lajme"},"_links":{"self":[{"href":"https:\/\/zjarr.tv\/sq\/wp-json\/wp\/v2\/posts\/248316","targetHints":{"allow":["GET"]}}],"collection":[{"href":"https:\/\/zjarr.tv\/sq\/wp-json\/wp\/v2\/posts"}],"about":[{"href":"https:\/\/zjarr.tv\/sq\/wp-json\/wp\/v2\/types\/post"}],"author":[{"embeddable":true,"href":"https:\/\/zjarr.tv\/sq\/wp-json\/wp\/v2\/users\/2020"}],"replies":[{"embeddable":true,"href":"https:\/\/zjarr.tv\/sq\/wp-json\/wp\/v2\/comments?post=248316"}],"version-history":[{"count":0,"href":"https:\/\/zjarr.tv\/sq\/wp-json\/wp\/v2\/posts\/248316\/revisions"}],"wp:featuredmedia":[{"embeddable":true,"href":"https:\/\/zjarr.tv\/sq\/wp-json\/wp\/v2\/media\/248320"}],"wp:attachment":[{"href":"https:\/\/zjarr.tv\/sq\/wp-json\/wp\/v2\/media?parent=248316"}],"wp:term":[{"taxonomy":"category","embeddable":true,"href":"https:\/\/zjarr.tv\/sq\/wp-json\/wp\/v2\/categories?post=248316"},{"taxonomy":"post_tag","embeddable":true,"href":"https:\/\/zjarr.tv\/sq\/wp-json\/wp\/v2\/tags?post=248316"}],"curies":[{"name":"wp","href":"https:\/\/api.w.org\/{rel}","templated":true}]}}