{"id":248333,"date":"2022-04-02T13:43:45","date_gmt":"2022-04-02T11:43:45","guid":{"rendered":"https:\/\/zjarr.tv\/?p=248333"},"modified":"2022-04-02T13:43:45","modified_gmt":"2022-04-02T11:43:45","slug":"kryebashkiaku-veliaj-merr-dozen-e-trete-te-vaksines-anti-covid","status":"publish","type":"post","link":"https:\/\/zjarr.tv\/sq\/kryebashkiaku-veliaj-merr-dozen-e-trete-te-vaksines-anti-covid\/","title":{"rendered":"Kryebashkiaku Veliaj merr doz\u00ebn e tret\u00eb t\u00eb vaksin\u00ebs anti-Covid"},"content":{"rendered":"<p>Kryetari i Bashkis\u00eb s\u00eb Tiran\u00ebs, Erion Veliaj ka b\u00ebr\u00eb doz\u00ebn e tret\u00eb t\u00eb vaksin\u00ebs anti-Covid, teksa ka postuar fotot n\u00eb rrjetet sociale.<\/p>\n<p>Veliaj n\u00ebnvizon se kjo \u00ebsht\u00eb e vetmja m\u00ebnyr\u00eb q\u00eb ndihmon Tiran\u00ebn t\u00eb hapet plot\u00ebsisht.<\/p>\n<p>\u201cE treta e v\u00ebrteta! Nj\u00ebra luft\u00eb, s\u2019mund t\u00eb na b\u00ebj\u00eb t\u00eb harrojm\u00eb tjetr\u00ebn! Covid-19 \u00ebsht\u00eb ende n\u00ebp\u00ebr k\u00ebmb\u00eb, doza e 3-t\u00eb na mbron ne dhe t\u00eb af\u00ebrmit, si dhe ndihmon Tiran\u00ebn t\u00eb hapet plot\u00ebsisht 24\/7! Faleminderit vaksinatores Manuela p\u00ebr dor\u00ebn pup\u00ebl dhe doktoresh\u00eb Jonid\u00ebs q\u00eb na kujton me k\u00ebmb\u00ebngulje afatet e vaksin\u00ebs!\u201d, shkruan Veliaj n\u00eb rrjetet sociale.<\/p>\n","protected":false},"excerpt":{"rendered":"<p>Kryetari i Bashkis\u00eb s\u00eb Tiran\u00ebs, Erion Veliaj ka b\u00ebr\u00eb doz\u00ebn e tret\u00eb t\u00eb vaksin\u00ebs anti-Covid, teksa ka postuar fotot n\u00eb rrjetet sociale. Veliaj n\u00ebnvizon se kjo \u00ebsht\u00eb e vetmja m\u00ebnyr\u00eb q\u00eb ndihmon Tiran\u00ebn t\u00eb hapet plot\u00ebsisht. \u201cE treta e v\u00ebrteta! Nj\u00ebra luft\u00eb, s\u2019mund t\u00eb na b\u00ebj\u00eb t\u00eb harrojm\u00eb tjetr\u00ebn! Covid-19 \u00ebsht\u00eb ende n\u00ebp\u00ebr k\u00ebmb\u00eb, doza [&hellip;]<\/p>\n","protected":false},"author":2020,"featured_media":248334,"comment_status":"closed","ping_status":"closed","sticky":false,"template":"","format":"standard","meta":{"footnotes":""},"categories":[241,5380,231],"tags":[],"class_list":{"0":"post-248333","1":"post","2":"type-post","3":"status-publish","4":"format-standard","5":"has-post-thumbnail","7":"category-aktualitet","8":"category-kryesore","9":"category-lajme"},"_links":{"self":[{"href":"https:\/\/zjarr.tv\/sq\/wp-json\/wp\/v2\/posts\/248333","targetHints":{"allow":["GET"]}}],"collection":[{"href":"https:\/\/zjarr.tv\/sq\/wp-json\/wp\/v2\/posts"}],"about":[{"href":"https:\/\/zjarr.tv\/sq\/wp-json\/wp\/v2\/types\/post"}],"author":[{"embeddable":true,"href":"https:\/\/zjarr.tv\/sq\/wp-json\/wp\/v2\/users\/2020"}],"replies":[{"embeddable":true,"href":"https:\/\/zjarr.tv\/sq\/wp-json\/wp\/v2\/comments?post=248333"}],"version-history":[{"count":0,"href":"https:\/\/zjarr.tv\/sq\/wp-json\/wp\/v2\/posts\/248333\/revisions"}],"wp:featuredmedia":[{"embeddable":true,"href":"https:\/\/zjarr.tv\/sq\/wp-json\/wp\/v2\/media\/248334"}],"wp:attachment":[{"href":"https:\/\/zjarr.tv\/sq\/wp-json\/wp\/v2\/media?parent=248333"}],"wp:term":[{"taxonomy":"category","embeddable":true,"href":"https:\/\/zjarr.tv\/sq\/wp-json\/wp\/v2\/categories?post=248333"},{"taxonomy":"post_tag","embeddable":true,"href":"https:\/\/zjarr.tv\/sq\/wp-json\/wp\/v2\/tags?post=248333"}],"curies":[{"name":"wp","href":"https:\/\/api.w.org\/{rel}","templated":true}]}}