{"id":248351,"date":"2022-04-02T14:38:26","date_gmt":"2022-04-02T12:38:26","guid":{"rendered":"https:\/\/zjarr.tv\/?p=248351"},"modified":"2022-04-02T14:38:26","modified_gmt":"2022-04-02T12:38:26","slug":"zhdukja-e-sheshit-te-flamurit-reagon-rama-me-thone-qe-qenkan-revoltuar-foltorexhinjte-e-vlores-dashkan-transparence","status":"publish","type":"post","link":"https:\/\/zjarr.tv\/sq\/zhdukja-e-sheshit-te-flamurit-reagon-rama-me-thone-qe-qenkan-revoltuar-foltorexhinjte-e-vlores-dashkan-transparence\/","title":{"rendered":"\u2018Zhdukja\u2019 e \u2018Sheshit t\u00eb Flamurit\u2019\/ Reagon Rama: M\u00eb thon\u00eb q\u00eb qenkan revoltuar foltorexhinjt\u00eb e Vlor\u00ebs, dashkan transparenc\u00eb\u2026"},"content":{"rendered":"<p>Kryeministri Edi Rama ka reaguar n\u00eb rrjetet sociale, n\u00eb lidhje me protest\u00ebn q\u00eb \u00ebsht\u00eb paralajm\u00ebruar t\u00eb mbahet nes\u00ebr n\u00eb Vlor\u00eb, kund\u00ebr projektit t\u00eb Rilindjes Urbane n\u00eb sheshin e Flamurit.<\/p>\n<p>Sipas Ram\u00ebs, projekti nuk parashikon asnj\u00eb stacion autobusi q\u00eb pretendohet nga qytetar\u00ebt, nd\u00ebrsa thot\u00eb se mezor pret p\u00ebrfundimin e k\u00ebsaj vepre t\u00eb Rilindjes Urbane.<\/p>\n<p>Postimi i Ram\u00ebs<\/p>\n<p>M\u00eb thon\u00eb qenkan revoltuar foltorexhinjt\u00eb e Vlor\u00ebs se dashkan transparenc\u00eb p\u00ebr projektin e Sheshit t\u00eb Flamurit! U duket kolonata si stacion autobuz\u00ebsh e duan shembjen e hotelit t\u00eb tyre fantaz\u00ebm, q\u00eb arkitekti i famsh\u00ebm belg e kthen n\u00eb qendr\u00ebn m\u00eb t\u00eb madhe social-kulturore t\u00eb vendit!<\/p>\n<p>Nuk u ve faj se as nuk din\u00eb as nuk b\u00ebjn\u00eb dot gj\u00eb tjet\u00ebr p\u00ebrve\u00e7 p\u00ebrshesheve me balt\u00eb, po Sheshi i Flamurit do t\u00eb jet\u00eb nj\u00eb tjet\u00ebr spektak\u00ebl urban n\u00eb Vlor\u00ebn e Rilindur, q\u00eb mezi pres ta shoh t\u00eb realizuar megjith\u00eb qendr\u00ebn social-kulturore, e cila do t\u2019i jap\u00eb Vlor\u00ebs nj\u00eb p\u00ebrmas\u00eb t\u00eb re!<\/p>\n<p>Paralajm\u00ebrimi i qytetar\u00ebve p\u00ebr protest\u00ebn:<\/p>\n<p>T\u00eb diel\u00ebn ora 11:00 do t\u00eb ket\u00eb nj\u00eb protest\u00eb n\u00eb \u201c Sheshin e Flamurit n\u00eb Vlor\u00eb\u201d e cila do t\u00eb k\u00ebrkoi transparenc\u00eb p\u00ebr projektin m\u00eb t\u00eb turpsh\u00ebm t\u00eb Vlor\u00ebs. Projekt i cili nuk shemb pallatin 15 kat\u00ebsh dhe nj\u00ebkoh\u00ebsisht nd\u00ebrton nj\u00eb stacion autobusi n\u00eb funksion t\u00eb tij.<\/p>\n","protected":false},"excerpt":{"rendered":"<p>Kryeministri Edi Rama ka reaguar n\u00eb rrjetet sociale, n\u00eb lidhje me protest\u00ebn q\u00eb \u00ebsht\u00eb paralajm\u00ebruar t\u00eb mbahet nes\u00ebr n\u00eb Vlor\u00eb, kund\u00ebr projektit t\u00eb Rilindjes Urbane n\u00eb sheshin e Flamurit. Sipas Ram\u00ebs, projekti nuk parashikon asnj\u00eb stacion autobusi q\u00eb pretendohet nga qytetar\u00ebt, nd\u00ebrsa thot\u00eb se mezor pret p\u00ebrfundimin e k\u00ebsaj vepre t\u00eb Rilindjes Urbane. Postimi i [&hellip;]<\/p>\n","protected":false},"author":2020,"featured_media":210305,"comment_status":"closed","ping_status":"closed","sticky":false,"template":"","format":"standard","meta":{"footnotes":""},"categories":[241,5380,231],"tags":[],"class_list":{"0":"post-248351","1":"post","2":"type-post","3":"status-publish","4":"format-standard","5":"has-post-thumbnail","7":"category-aktualitet","8":"category-kryesore","9":"category-lajme"},"_links":{"self":[{"href":"https:\/\/zjarr.tv\/sq\/wp-json\/wp\/v2\/posts\/248351","targetHints":{"allow":["GET"]}}],"collection":[{"href":"https:\/\/zjarr.tv\/sq\/wp-json\/wp\/v2\/posts"}],"about":[{"href":"https:\/\/zjarr.tv\/sq\/wp-json\/wp\/v2\/types\/post"}],"author":[{"embeddable":true,"href":"https:\/\/zjarr.tv\/sq\/wp-json\/wp\/v2\/users\/2020"}],"replies":[{"embeddable":true,"href":"https:\/\/zjarr.tv\/sq\/wp-json\/wp\/v2\/comments?post=248351"}],"version-history":[{"count":0,"href":"https:\/\/zjarr.tv\/sq\/wp-json\/wp\/v2\/posts\/248351\/revisions"}],"wp:featuredmedia":[{"embeddable":true,"href":"https:\/\/zjarr.tv\/sq\/wp-json\/wp\/v2\/media\/210305"}],"wp:attachment":[{"href":"https:\/\/zjarr.tv\/sq\/wp-json\/wp\/v2\/media?parent=248351"}],"wp:term":[{"taxonomy":"category","embeddable":true,"href":"https:\/\/zjarr.tv\/sq\/wp-json\/wp\/v2\/categories?post=248351"},{"taxonomy":"post_tag","embeddable":true,"href":"https:\/\/zjarr.tv\/sq\/wp-json\/wp\/v2\/tags?post=248351"}],"curies":[{"name":"wp","href":"https:\/\/api.w.org\/{rel}","templated":true}]}}