{"id":248353,"date":"2022-04-02T14:42:09","date_gmt":"2022-04-02T12:42:09","guid":{"rendered":"https:\/\/zjarr.tv\/?p=248353"},"modified":"2022-04-02T14:42:09","modified_gmt":"2022-04-02T12:42:09","slug":"grida-duma-e-thote-troc-nuk-e-votoj-lulzim-bashen-per-president-te-republikes","status":"publish","type":"post","link":"https:\/\/zjarr.tv\/sq\/grida-duma-e-thote-troc-nuk-e-votoj-lulzim-bashen-per-president-te-republikes\/","title":{"rendered":"Grida Duma e thot\u00eb tro\u00e7: Nuk e votoj Lulzim Bash\u00ebn p\u00ebr President t\u00eb Republik\u00ebs"},"content":{"rendered":"<p>Lideri historik i PD, Sali Berisha deklaroi mbr\u00ebmjen e kaluar se Lulzim Basha po negocion dhe po tenton t\u00eb mbledh\u00eb firmat p\u00ebr t\u00eb qen\u00eb kandidat p\u00ebr President t\u00eb Republik\u00ebs.<\/p>\n<p>Kushtetuta parashikon se duhen firmat e 20 deputet\u00ebve q\u00eb nj\u00eb person mund t\u00eb kandidoj\u00eb si kandidat p\u00ebr kryetar shteti.<\/p>\n<p>Nd\u00ebrkoh\u00eb sot nga Shkodra, ish-kryeministri Berisha deklaroi se PD nuk do t\u00eb votoj\u00eb asnj\u00eb kandidat t\u00eb Edi Ram\u00ebs, duke n\u00ebnkuptuar edhe Lulzim Bash\u00ebn.<\/p>\n<p>Por m\u00eb e prer\u00eb dhe m\u00eb e sakt\u00eb ishte n\u00eb p\u00ebrgjigjen e saj p\u00ebr Koha Jon\u00eb, deputetja karizmatike e PD-s\u00eb, Grida Duma.<\/p>\n<p>Ajo tha shkurt \u201cJo!\u201d, pra nuk e votoj Lulzim Bash\u00ebn si President.<\/p>\n<p>Nd\u00ebrsa deputeti i njohur Agron Gjekmarkaj nuk u p\u00ebrgjigj tamam, duke len\u00eb nj\u00eb \u201cjo\u201d elokuente si p\u00ebrgjigje.\/ Koha Jon\u00eb<\/p>\n","protected":false},"excerpt":{"rendered":"<p>Lideri historik i PD, Sali Berisha deklaroi mbr\u00ebmjen e kaluar se Lulzim Basha po negocion dhe po tenton t\u00eb mbledh\u00eb firmat p\u00ebr t\u00eb qen\u00eb kandidat p\u00ebr President t\u00eb Republik\u00ebs. Kushtetuta parashikon se duhen firmat e 20 deputet\u00ebve q\u00eb nj\u00eb person mund t\u00eb kandidoj\u00eb si kandidat p\u00ebr kryetar shteti. Nd\u00ebrkoh\u00eb sot nga Shkodra, ish-kryeministri Berisha deklaroi [&hellip;]<\/p>\n","protected":false},"author":2020,"featured_media":248354,"comment_status":"closed","ping_status":"closed","sticky":false,"template":"","format":"standard","meta":{"footnotes":""},"categories":[241,5380,231],"tags":[],"class_list":{"0":"post-248353","1":"post","2":"type-post","3":"status-publish","4":"format-standard","5":"has-post-thumbnail","7":"category-aktualitet","8":"category-kryesore","9":"category-lajme"},"_links":{"self":[{"href":"https:\/\/zjarr.tv\/sq\/wp-json\/wp\/v2\/posts\/248353","targetHints":{"allow":["GET"]}}],"collection":[{"href":"https:\/\/zjarr.tv\/sq\/wp-json\/wp\/v2\/posts"}],"about":[{"href":"https:\/\/zjarr.tv\/sq\/wp-json\/wp\/v2\/types\/post"}],"author":[{"embeddable":true,"href":"https:\/\/zjarr.tv\/sq\/wp-json\/wp\/v2\/users\/2020"}],"replies":[{"embeddable":true,"href":"https:\/\/zjarr.tv\/sq\/wp-json\/wp\/v2\/comments?post=248353"}],"version-history":[{"count":0,"href":"https:\/\/zjarr.tv\/sq\/wp-json\/wp\/v2\/posts\/248353\/revisions"}],"wp:featuredmedia":[{"embeddable":true,"href":"https:\/\/zjarr.tv\/sq\/wp-json\/wp\/v2\/media\/248354"}],"wp:attachment":[{"href":"https:\/\/zjarr.tv\/sq\/wp-json\/wp\/v2\/media?parent=248353"}],"wp:term":[{"taxonomy":"category","embeddable":true,"href":"https:\/\/zjarr.tv\/sq\/wp-json\/wp\/v2\/categories?post=248353"},{"taxonomy":"post_tag","embeddable":true,"href":"https:\/\/zjarr.tv\/sq\/wp-json\/wp\/v2\/tags?post=248353"}],"curies":[{"name":"wp","href":"https:\/\/api.w.org\/{rel}","templated":true}]}}