{"id":248359,"date":"2022-04-02T15:05:57","date_gmt":"2022-04-02T13:05:57","guid":{"rendered":"https:\/\/zjarr.tv\/?p=248359"},"modified":"2022-04-02T15:05:57","modified_gmt":"2022-04-02T13:05:57","slug":"pd-e-facebook-ut-pergenjeshtron-berishen-ne-do-te-diskutojme-per-zgjedhjen-e-presidentit-te-ri","status":"publish","type":"post","link":"https:\/\/zjarr.tv\/sq\/pd-e-facebook-ut-pergenjeshtron-berishen-ne-do-te-diskutojme-per-zgjedhjen-e-presidentit-te-ri\/","title":{"rendered":"PD e \u2018Facebook-ut\u2019 p\u00ebrg\u00ebnjeshtron Berish\u00ebn: Ne do t\u00eb diskutojm\u00eb p\u00ebr zgjedhjen e presidentit t\u00eb ri"},"content":{"rendered":"<p>N\u00eb nj\u00eb postim n\u00eb faqen e Facebook, e cila menaxhohet ende nga zyra e vjet\u00ebr e shtypit n\u00eb PD, \u00ebsht\u00eb b\u00ebr\u00eb nj\u00eb p\u00ebrg\u00ebnjeshtrim n\u00eb lidhje me deklaratat e b\u00ebra nga Sali Berisha sot n\u00eb qytetin e Shkodr\u00ebs, n\u00eb lidhje me zgjedhjen e presidentit t\u00eb ri t\u00eb vendit.<\/p>\n<p>N\u00eb njoftim, ku flitet n\u00eb em\u00ebr t\u00eb grupit parlamentar, dhe me shum\u00eb gjasa \u00ebsht\u00eb nj\u00eb deklarat\u00eb e b\u00ebr\u00eb nga Alibeaj dhe Bardhi, thuhet se grupi i PD do t\u00eb diskutoj\u00eb dhe t\u00eb mblidhet n\u00eb lidhje me zgjedhjen e presidentit.<\/p>\n<p>Berisha tha se \u00e7do diskutim i b\u00ebr\u00eb me Ram\u00ebn p\u00ebr presidentin e ti \u00ebsht\u00eb i pavlefsh\u00ebm, dhe do t\u00eb sillte klonimin e kryeministrit edhe n\u00eb presidenc\u00eb.<\/p>\n<p>Postimi n\u00eb Facebook:<\/p>\n<p>Sqarim p\u00ebr mediat!<\/p>\n<p>Grupi parlamentar i PD nuk ka nisur ende asnj\u00eb diskutim p\u00ebr sa i p\u00ebrket c\u00ebshtjes s\u00eb presidentit t\u00eb Republik\u00ebs. N\u00eb dit\u00ebt n\u00eb vijim, p\u00ebr shkak se mund t\u00eb jet\u00eb ne axhend\u00ebn parlamentare, do t\u00eb diskutohet me an\u00ebtar\u00ebt e grupit p\u00ebr k\u00ebt\u00eb c\u00ebshtje.<\/p>\n<p>Qendrimet personale t\u00eb askujt, aq m\u00eb tep\u00ebr t\u00eb atyre q\u00eb nuk jan\u00eb pjes\u00eb e grupit parlamentar t\u00eb PD nuk kan\u00eb kurr\u00ebfar\u00eb lidhje me qendrimin dhe vendimarrjen e grupit parlamentar.<\/p>\n<p>Ata q\u00eb flasin sot p\u00ebr k\u00ebt\u00eb c\u00ebshtje, n\u00eb fakt, me ndryshimet kushtetuese t\u00eb 2008,\u00a0 ia kan\u00eb mund\u00ebsuar Edi Ram\u00ebs ta zgjedh\u00eb, thjesht me vet\u00ebm votat e tij\u00a0 presidentin e vendit.<\/p>\n","protected":false},"excerpt":{"rendered":"<p>N\u00eb nj\u00eb postim n\u00eb faqen e Facebook, e cila menaxhohet ende nga zyra e vjet\u00ebr e shtypit n\u00eb PD, \u00ebsht\u00eb b\u00ebr\u00eb nj\u00eb p\u00ebrg\u00ebnjeshtrim n\u00eb lidhje me deklaratat e b\u00ebra nga Sali Berisha sot n\u00eb qytetin e Shkodr\u00ebs, n\u00eb lidhje me zgjedhjen e presidentit t\u00eb ri t\u00eb vendit. N\u00eb njoftim, ku flitet n\u00eb em\u00ebr t\u00eb grupit [&hellip;]<\/p>\n","protected":false},"author":2020,"featured_media":248360,"comment_status":"closed","ping_status":"closed","sticky":false,"template":"","format":"standard","meta":{"footnotes":""},"categories":[241,5380,231],"tags":[],"class_list":{"0":"post-248359","1":"post","2":"type-post","3":"status-publish","4":"format-standard","5":"has-post-thumbnail","7":"category-aktualitet","8":"category-kryesore","9":"category-lajme"},"_links":{"self":[{"href":"https:\/\/zjarr.tv\/sq\/wp-json\/wp\/v2\/posts\/248359","targetHints":{"allow":["GET"]}}],"collection":[{"href":"https:\/\/zjarr.tv\/sq\/wp-json\/wp\/v2\/posts"}],"about":[{"href":"https:\/\/zjarr.tv\/sq\/wp-json\/wp\/v2\/types\/post"}],"author":[{"embeddable":true,"href":"https:\/\/zjarr.tv\/sq\/wp-json\/wp\/v2\/users\/2020"}],"replies":[{"embeddable":true,"href":"https:\/\/zjarr.tv\/sq\/wp-json\/wp\/v2\/comments?post=248359"}],"version-history":[{"count":0,"href":"https:\/\/zjarr.tv\/sq\/wp-json\/wp\/v2\/posts\/248359\/revisions"}],"wp:featuredmedia":[{"embeddable":true,"href":"https:\/\/zjarr.tv\/sq\/wp-json\/wp\/v2\/media\/248360"}],"wp:attachment":[{"href":"https:\/\/zjarr.tv\/sq\/wp-json\/wp\/v2\/media?parent=248359"}],"wp:term":[{"taxonomy":"category","embeddable":true,"href":"https:\/\/zjarr.tv\/sq\/wp-json\/wp\/v2\/categories?post=248359"},{"taxonomy":"post_tag","embeddable":true,"href":"https:\/\/zjarr.tv\/sq\/wp-json\/wp\/v2\/tags?post=248359"}],"curies":[{"name":"wp","href":"https:\/\/api.w.org\/{rel}","templated":true}]}}