{"id":248362,"date":"2022-04-02T15:11:41","date_gmt":"2022-04-02T13:11:41","guid":{"rendered":"https:\/\/zjarr.tv\/?p=248362"},"modified":"2022-04-02T15:11:41","modified_gmt":"2022-04-02T13:11:41","slug":"fotolajm-karikatura-e-goditur-ja-si-po-punon-basha-per-bashkimin-e-partise","status":"publish","type":"post","link":"https:\/\/zjarr.tv\/sq\/fotolajm-karikatura-e-goditur-ja-si-po-punon-basha-per-bashkimin-e-partise\/","title":{"rendered":"FOTOLAJM\/ Karikatura e goditur: Ja si po punon Basha p\u00ebr bashkimin e partis\u00eb"},"content":{"rendered":"<p>N\u00eb nj\u00eb postim n\u00eb faqen e Facebook, e cila menaxhohet ende nga zyra e vjet\u00ebr e shtypit n\u00eb PD, \u00ebsht\u00eb b\u00ebr\u00eb nj\u00eb p\u00ebrg\u00ebnjeshtrim n\u00eb lidhje me deklaratat e b\u00ebra nga Sali Berisha sot n\u00eb qytetin e Shkodr\u00ebs, n\u00eb lidhje me zgjedhjen e presidentit t\u00eb ri t\u00eb vendit.<\/p>\n<p>N\u00eb njoftim, ku flitet n\u00eb em\u00ebr t\u00eb grupit parlamentar, dhe me shum\u00eb gjasa \u00ebsht\u00eb nj\u00eb deklarat\u00eb e b\u00ebr\u00eb nga Alibeaj dhe Bardhi, thuhet se grupi i PD do t\u00eb diskutoj\u00eb dhe t\u00eb mblidhet n\u00eb lidhje me zgjedhjen e presidentit.<\/p>\n<p>Berisha tha se \u00e7do diskutim i b\u00ebr\u00eb me Ram\u00ebn p\u00ebr presidentin e ti \u00ebsht\u00eb i pavlefsh\u00ebm, dhe do t\u00eb sillte klonimin e kryeministrit edhe n\u00eb presidenc\u00eb.<\/p>\n<p>Postimi n\u00eb Facebook:<\/p>\n<p>Sqarim p\u00ebr mediat!<\/p>\n<p>Grupi parlamentar i PD nuk ka nisur ende asnj\u00eb diskutim p\u00ebr sa i p\u00ebrket c\u00ebshtjes s\u00eb presidentit t\u00eb Republik\u00ebs. N\u00eb dit\u00ebt n\u00eb vijim, p\u00ebr shkak se mund t\u00eb jet\u00eb ne axhend\u00ebn parlamentare, do t\u00eb diskutohet me an\u00ebtar\u00ebt e grupit p\u00ebr k\u00ebt\u00eb c\u00ebsht<\/p>\n<p>Qendrimet personale t\u00eb askujt, aq m\u00eb tep\u00ebr t\u00eb atyre q\u00eb nuk jan\u00eb pjes\u00eb e grupit parlamentar t\u00eb PD nuk kan\u00eb kurr\u00ebfar\u00eb lidhje me qendrimin dhe vendimarrjen e grupit parlamentar.<\/p>\n<p>Ata q\u00eb flasin sot p\u00ebr k\u00ebt\u00eb c\u00ebshtje, n\u00eb fakt, me ndryshimet kushtetuese t\u00eb 2008,\u00a0 ia kan\u00eb mund\u00ebsuar Edi Ram\u00ebs ta zgjedh\u00eb, thjesht me vet\u00ebm votat e tij\u00a0 presidentin e vendit.<\/p>\n<p><img loading=\"lazy\" decoding=\"async\" class=\"alignnone size-medium wp-image-248363\" src=\"https:\/\/zjarr.tv\/wp-content\/uploads\/2022\/04\/Untitled-design-2022-04-02T144250.729-696x522-1-300x225.png\" alt=\"\" width=\"300\" height=\"225\" srcset=\"https:\/\/zjarr.tv\/wp-content\/uploads\/2022\/04\/Untitled-design-2022-04-02T144250.729-696x522-1-300x225.png 300w, https:\/\/zjarr.tv\/wp-content\/uploads\/2022\/04\/Untitled-design-2022-04-02T144250.729-696x522-1-560x420.png 560w, https:\/\/zjarr.tv\/wp-content\/uploads\/2022\/04\/Untitled-design-2022-04-02T144250.729-696x522-1-80x60.png 80w, https:\/\/zjarr.tv\/wp-content\/uploads\/2022\/04\/Untitled-design-2022-04-02T144250.729-696x522-1-265x198.png 265w, https:\/\/zjarr.tv\/wp-content\/uploads\/2022\/04\/Untitled-design-2022-04-02T144250.729-696x522-1.png 696w\" sizes=\"auto, (max-width: 300px) 100vw, 300px\" \/><\/p>\n","protected":false},"excerpt":{"rendered":"<p>N\u00eb nj\u00eb postim n\u00eb faqen e Facebook, e cila menaxhohet ende nga zyra e vjet\u00ebr e shtypit n\u00eb PD, \u00ebsht\u00eb b\u00ebr\u00eb nj\u00eb p\u00ebrg\u00ebnjeshtrim n\u00eb lidhje me deklaratat e b\u00ebra nga Sali Berisha sot n\u00eb qytetin e Shkodr\u00ebs, n\u00eb lidhje me zgjedhjen e presidentit t\u00eb ri t\u00eb vendit. N\u00eb njoftim, ku flitet n\u00eb em\u00ebr t\u00eb grupit [&hellip;]<\/p>\n","protected":false},"author":2020,"featured_media":248364,"comment_status":"closed","ping_status":"closed","sticky":false,"template":"","format":"standard","meta":{"footnotes":""},"categories":[241,5380,231],"tags":[],"class_list":{"0":"post-248362","1":"post","2":"type-post","3":"status-publish","4":"format-standard","5":"has-post-thumbnail","7":"category-aktualitet","8":"category-kryesore","9":"category-lajme"},"_links":{"self":[{"href":"https:\/\/zjarr.tv\/sq\/wp-json\/wp\/v2\/posts\/248362","targetHints":{"allow":["GET"]}}],"collection":[{"href":"https:\/\/zjarr.tv\/sq\/wp-json\/wp\/v2\/posts"}],"about":[{"href":"https:\/\/zjarr.tv\/sq\/wp-json\/wp\/v2\/types\/post"}],"author":[{"embeddable":true,"href":"https:\/\/zjarr.tv\/sq\/wp-json\/wp\/v2\/users\/2020"}],"replies":[{"embeddable":true,"href":"https:\/\/zjarr.tv\/sq\/wp-json\/wp\/v2\/comments?post=248362"}],"version-history":[{"count":0,"href":"https:\/\/zjarr.tv\/sq\/wp-json\/wp\/v2\/posts\/248362\/revisions"}],"wp:featuredmedia":[{"embeddable":true,"href":"https:\/\/zjarr.tv\/sq\/wp-json\/wp\/v2\/media\/248364"}],"wp:attachment":[{"href":"https:\/\/zjarr.tv\/sq\/wp-json\/wp\/v2\/media?parent=248362"}],"wp:term":[{"taxonomy":"category","embeddable":true,"href":"https:\/\/zjarr.tv\/sq\/wp-json\/wp\/v2\/categories?post=248362"},{"taxonomy":"post_tag","embeddable":true,"href":"https:\/\/zjarr.tv\/sq\/wp-json\/wp\/v2\/tags?post=248362"}],"curies":[{"name":"wp","href":"https:\/\/api.w.org\/{rel}","templated":true}]}}