{"id":248376,"date":"2022-04-02T16:19:00","date_gmt":"2022-04-02T14:19:00","guid":{"rendered":"https:\/\/zjarr.tv\/?p=248376"},"modified":"2022-04-02T16:19:00","modified_gmt":"2022-04-02T14:19:00","slug":"kembekryq-me-te-denuarit-qe-mbajne-ramazan-drejtori-admir-abrija-ne-burgun-e-fushe-krujes-me-imamin-ahmed-kalaja","status":"publish","type":"post","link":"https:\/\/zjarr.tv\/sq\/kembekryq-me-te-denuarit-qe-mbajne-ramazan-drejtori-admir-abrija-ne-burgun-e-fushe-krujes-me-imamin-ahmed-kalaja\/","title":{"rendered":"K\u00ebmb\u00ebkryq me t\u00eb d\u00ebnuarit q\u00eb mbajn\u00eb Ramazan, drejtori Admir Abrija n\u00eb burgun e Fush\u00eb-Kruj\u00ebs me imamin Ahmed Kalaja"},"content":{"rendered":"<p>Besimtar\u00ebt mysliman\u00eb kan\u00eb nisur prej m\u00ebngjesit t\u00eb k\u00ebsaj t\u00eb shtune agj\u00ebrimin p\u00ebr muajin e bekuar t\u00eb Ramazanit.<\/p>\n<p>Drejtori i P\u00ebrgjithsh\u00ebm i Burgjeve Admir Abrija, ka b\u00ebr\u00eb nj\u00eb inspektim sot n\u00eb IEVP Fush\u00eb-Kruj\u00eb, ku p\u00ebrve\u00e7 se ka par\u00eb nga af\u00ebr situat\u00ebn dhe kushtet, ka uruar besimtar\u00ebt mysliman\u00eb n\u00eb k\u00ebt\u00eb institucion p\u00ebr Ramazan. I pranish\u00ebm ishte edhe Imam Ahmed Kalaja, i cili ka folur me t\u00eb d\u00ebnuarit mbi reflektimin dhe paqen.<\/p>\n<p>Abrija \u00ebsht\u00eb ulur k\u00ebmb\u00ebkryq me t\u00eb d\u00ebnuarit, duke u dh\u00ebn\u00eb mund\u00ebsin\u00eb t\u2019ia shprehnin drejtp\u00ebrdrejt ankesat dhe k\u00ebrkesat q\u00eb kishin. Drejtori i Burgjeve u ka p\u00ebrcjell\u00eb atyre edhe porosit\u00eb e ministrit Ulsi Manja p\u00ebr p\u00ebrmir\u00ebsimin urgjent t\u00eb infrastruktur\u00ebs.<\/p>\n","protected":false},"excerpt":{"rendered":"<p>Besimtar\u00ebt mysliman\u00eb kan\u00eb nisur prej m\u00ebngjesit t\u00eb k\u00ebsaj t\u00eb shtune agj\u00ebrimin p\u00ebr muajin e bekuar t\u00eb Ramazanit. Drejtori i P\u00ebrgjithsh\u00ebm i Burgjeve Admir Abrija, ka b\u00ebr\u00eb nj\u00eb inspektim sot n\u00eb IEVP Fush\u00eb-Kruj\u00eb, ku p\u00ebrve\u00e7 se ka par\u00eb nga af\u00ebr situat\u00ebn dhe kushtet, ka uruar besimtar\u00ebt mysliman\u00eb n\u00eb k\u00ebt\u00eb institucion p\u00ebr Ramazan. I pranish\u00ebm ishte edhe [&hellip;]<\/p>\n","protected":false},"author":2031,"featured_media":248377,"comment_status":"closed","ping_status":"closed","sticky":false,"template":"","format":"standard","meta":{"footnotes":""},"categories":[241,231,235],"tags":[],"class_list":{"0":"post-248376","1":"post","2":"type-post","3":"status-publish","4":"format-standard","5":"has-post-thumbnail","7":"category-aktualitet","8":"category-lajme","9":"category-vendi"},"_links":{"self":[{"href":"https:\/\/zjarr.tv\/sq\/wp-json\/wp\/v2\/posts\/248376","targetHints":{"allow":["GET"]}}],"collection":[{"href":"https:\/\/zjarr.tv\/sq\/wp-json\/wp\/v2\/posts"}],"about":[{"href":"https:\/\/zjarr.tv\/sq\/wp-json\/wp\/v2\/types\/post"}],"author":[{"embeddable":true,"href":"https:\/\/zjarr.tv\/sq\/wp-json\/wp\/v2\/users\/2031"}],"replies":[{"embeddable":true,"href":"https:\/\/zjarr.tv\/sq\/wp-json\/wp\/v2\/comments?post=248376"}],"version-history":[{"count":0,"href":"https:\/\/zjarr.tv\/sq\/wp-json\/wp\/v2\/posts\/248376\/revisions"}],"wp:featuredmedia":[{"embeddable":true,"href":"https:\/\/zjarr.tv\/sq\/wp-json\/wp\/v2\/media\/248377"}],"wp:attachment":[{"href":"https:\/\/zjarr.tv\/sq\/wp-json\/wp\/v2\/media?parent=248376"}],"wp:term":[{"taxonomy":"category","embeddable":true,"href":"https:\/\/zjarr.tv\/sq\/wp-json\/wp\/v2\/categories?post=248376"},{"taxonomy":"post_tag","embeddable":true,"href":"https:\/\/zjarr.tv\/sq\/wp-json\/wp\/v2\/tags?post=248376"}],"curies":[{"name":"wp","href":"https:\/\/api.w.org\/{rel}","templated":true}]}}