{"id":248380,"date":"2022-04-02T16:27:23","date_gmt":"2022-04-02T14:27:23","guid":{"rendered":"https:\/\/zjarr.tv\/?p=248380"},"modified":"2022-04-02T16:35:56","modified_gmt":"2022-04-02T14:35:56","slug":"zberthehet-e-dashura-e-nuredin-dumanit-u-prezantua-me-emer-tjeter-tha-familjen-e-kam-ne-france-misteri-i-pistoletes-se-zeze","status":"publish","type":"post","link":"https:\/\/zjarr.tv\/sq\/zberthehet-e-dashura-e-nuredin-dumanit-u-prezantua-me-emer-tjeter-tha-familjen-e-kam-ne-france-misteri-i-pistoletes-se-zeze\/","title":{"rendered":"\u201cZb\u00ebrthehet\u201d e dashura e Nuredin Dumanit: U prezantua m\u00eb em\u00ebr tjet\u00ebr, tha familjen e kam n\u00eb Franc\u00eb!"},"content":{"rendered":"<p>Mirjet\u00eb Hajdini, e dashura e Nuredin Dumanit, ka rr\u00ebfyer n\u00eb Prokurori takimin me partnerin n\u00eb Kosov\u00eb, jetes\u00ebn atje dhe m\u00eb pas zhvendosjen n\u00eb Shqip\u00ebri. 20 vje\u00e7arja ka dal\u00eb sot nga qelit\u00eb e paraburgimit dhe \u00ebsht\u00eb l\u00ebn\u00eb me mas\u00eb sigurie \u201cDetyrim paraqitje\u201d nga Gjykata e Elbasanit.<\/p>\n<p>E reja ka rr\u00ebfyer historin\u00eb e lidhjes me Dumanin, duke pohuar para hetuesve se ai ishte prezantuar me em\u00ebr tjet\u00ebr. Madje, pasi e kishin b\u00ebr\u00eb lidhjen serioze dhe 39 vje\u00e7ari nga Dibra ishte prezantuar me familjen e Mirjet\u00eb Hajdinit, kishte th\u00ebn\u00eb se familjen e tij e kishte n\u00eb Franc\u00eb. K\u00ebt\u00eb e kishte p\u00ebrdorur si pretekst p\u00ebr t\u00eb mos u takuar.<\/p>\n<p>20 vje\u00e7arja ka treguar se Nuredin Dumani me vete nj\u00eb arm\u00eb zjarri pistolet\u00eb, ngjyr\u00eb t\u00eb zez\u00eb, dhe e nj\u00ebjta \u00e7do her\u00eb. Sipas saj, sa her\u00eb dilnin ai e merrte me vete, kurse kur ktheheshin n\u00eb sht\u00ebpi e vendoste n\u00eb dhom\u00eb. \u201cKur e ka pyetur se perse mbante arme ai i eshte pergjigjur \u201cti je e re, s\u2019ke pse ti dish keto\u201d- thuhet n\u00eb dosjen e Prokuroris\u00eb.<\/p>\n<p>Pjes\u00eb nga dosja e Prokuroris\u00eb s\u00eb Elbasanit, p\u00ebr partneren e Dumanit:<\/p>\n<p>Shtetasja M. Hajdini ka deklaruar qe eshte me shtetesi kosovare. Ne muajin prill te vitit 202 1, me shoqerine e saj ka qene tek lokal  \u201cG***\u201d ne Gjilan.  Aty tek ai lokal, ngjitur me to ishin ulur edhe 2 shtetas te tjere. Njerin nga ata e njihte dhe quhej Sh.Z dhe eshte nga Gjilani.<\/p>\n<p>Ate dite ne lokal ky djali tjeter  i  ka  folur  dhe  i  kerkoi numrin  e  telefonit. M.  ia  ka  dhene  numrin  dhe qe ate dite  filluan te  komunikonin nga  telefoni.  Ai kishte nje numer celulari te Kosoves dhe jo te Shqiperise, por nuk e  mban mend numrin.<\/p>\n<p>Ai i eshte prezantuar me emrin  Arvit Spahiu dhe i tha se ishte nga Tirana dhe ndodhej  ne  Kosove  per pune, ku i ka treguar edhe nje leter njoftim apo karte identiteti,  ku emri ishte vertete  Arvit Spahiu dhe fotoja ishte e tij. Leter njoftimi qe i ka treguar nuk e d i se cilit shteti i perkiste por sqaron qe nuk ishte i Kosoves dhe i Shqiperise.<\/p>\n<p>Arviti i ka treguar qe familjen e tij e kishte ne  France  dhe per kete arsye nuk mund ta takonte. Kur kane filluar te bashkejetojne, ajo ka vene re qe Arviti mbante arme zjarri me vete, gjithmone arma ka qene e njejte.<\/p>\n","protected":false},"excerpt":{"rendered":"<p>Mirjet\u00eb Hajdini, e dashura e Nuredin Dumanit, ka rr\u00ebfyer n\u00eb Prokurori takimin me partnerin n\u00eb Kosov\u00eb, jetes\u00ebn atje dhe m\u00eb pas zhvendosjen n\u00eb Shqip\u00ebri. 20 vje\u00e7arja ka dal\u00eb sot nga qelit\u00eb e paraburgimit dhe \u00ebsht\u00eb l\u00ebn\u00eb me mas\u00eb sigurie \u201cDetyrim paraqitje\u201d nga Gjykata e Elbasanit. E reja ka rr\u00ebfyer historin\u00eb e lidhjes me Dumanin, duke [&hellip;]<\/p>\n","protected":false},"author":2031,"featured_media":248382,"comment_status":"closed","ping_status":"closed","sticky":false,"template":"","format":"standard","meta":{"footnotes":""},"categories":[241,231,235],"tags":[],"class_list":{"0":"post-248380","1":"post","2":"type-post","3":"status-publish","4":"format-standard","5":"has-post-thumbnail","7":"category-aktualitet","8":"category-lajme","9":"category-vendi"},"_links":{"self":[{"href":"https:\/\/zjarr.tv\/sq\/wp-json\/wp\/v2\/posts\/248380","targetHints":{"allow":["GET"]}}],"collection":[{"href":"https:\/\/zjarr.tv\/sq\/wp-json\/wp\/v2\/posts"}],"about":[{"href":"https:\/\/zjarr.tv\/sq\/wp-json\/wp\/v2\/types\/post"}],"author":[{"embeddable":true,"href":"https:\/\/zjarr.tv\/sq\/wp-json\/wp\/v2\/users\/2031"}],"replies":[{"embeddable":true,"href":"https:\/\/zjarr.tv\/sq\/wp-json\/wp\/v2\/comments?post=248380"}],"version-history":[{"count":0,"href":"https:\/\/zjarr.tv\/sq\/wp-json\/wp\/v2\/posts\/248380\/revisions"}],"wp:featuredmedia":[{"embeddable":true,"href":"https:\/\/zjarr.tv\/sq\/wp-json\/wp\/v2\/media\/248382"}],"wp:attachment":[{"href":"https:\/\/zjarr.tv\/sq\/wp-json\/wp\/v2\/media?parent=248380"}],"wp:term":[{"taxonomy":"category","embeddable":true,"href":"https:\/\/zjarr.tv\/sq\/wp-json\/wp\/v2\/categories?post=248380"},{"taxonomy":"post_tag","embeddable":true,"href":"https:\/\/zjarr.tv\/sq\/wp-json\/wp\/v2\/tags?post=248380"}],"curies":[{"name":"wp","href":"https:\/\/api.w.org\/{rel}","templated":true}]}}