{"id":248391,"date":"2022-04-02T17:12:06","date_gmt":"2022-04-02T15:12:06","guid":{"rendered":"https:\/\/zjarr.tv\/?p=248391"},"modified":"2022-04-02T17:12:06","modified_gmt":"2022-04-02T15:12:06","slug":"kole-gjoni-zbriti-nga-veriu-evi-kokalari-identifikohet-si-maloke-ja-pema-e-fisit-tone","status":"publish","type":"post","link":"https:\/\/zjarr.tv\/sq\/kole-gjoni-zbriti-nga-veriu-evi-kokalari-identifikohet-si-maloke-ja-pema-e-fisit-tone\/","title":{"rendered":"&#8216;Kol\u00eb Gjoni zbriti nga Veriu&#8217;\/ Evi Kokalari identifikohet si &#8216;maloke&#8217;: Ja pema e fisit ton\u00eb"},"content":{"rendered":"<p>Aktivistja shqiptaro-amerikane Evi Kokalari ka reaguar pas skandalit t\u00eb an\u00ebtares s\u00eb KPK, Genta Bungo, e cila ka k\u00ebrkuar shkarkimin e drejtueses s\u00eb Prokuroris\u00eb s\u00eb Tiran\u00ebs, Elisabeta Imeraj, sepse ajo \u00ebsht\u00eb &#8216;maloke&#8217;. <\/p>\n<p>Termi diskriminues i p\u00ebrdorur nga an\u00ebtarja e Vettingut \u00ebsht\u00eb d\u00ebnuar nga mbar\u00eb opinioni publik, si fyerje dhe diskriminim mbi baza krahinore.<\/p>\n<p>Kokalari shkruan n\u00eb rrjetet sociale se edhe ajo \u00ebsht\u00eb &#8216;maloke&#8217;, duke shpjeguar edhe pem\u00ebn e fisit t\u00eb saj, me perjardhje nga Veriu i Shqip\u00ebris\u00eb, t\u00eb cil\u00ebt kan\u00eb zbritur n\u00eb Gjirokast\u00ebr p\u00ebr biznes. <\/p>\n<p>Postimi<\/p>\n<p>N\u00eb fakt, po ta marr\u00ebsh holl\u00eb-holl\u00eb un\u00eb #MALOKE jam sepse i par\u00eb yn\u00eb ka qen\u00eb Kol Gjoni q\u00eb zbriti nga veriu n\u00eb Gjirokast\u00ebr p\u00ebr biznes.  <\/p>\n<p>Kjo besoj shpjegon pse merrem vesh mir\u00eb me k\u00ebta t\u00eb veriut.  <\/p>\n<p>Nj\u00eb version shum\u00eb i shkurt\u00ebr i pem\u00ebs t\u00eb fisit ton\u00eb.<\/p>\n","protected":false},"excerpt":{"rendered":"<p>Aktivistja shqiptaro-amerikane Evi Kokalari ka reaguar pas skandalit t\u00eb an\u00ebtares s\u00eb KPK, Genta Bungo, e cila ka k\u00ebrkuar shkarkimin e drejtueses s\u00eb Prokuroris\u00eb s\u00eb Tiran\u00ebs, Elisabeta Imeraj, sepse ajo \u00ebsht\u00eb &#8216;maloke&#8217;. Termi diskriminues i p\u00ebrdorur nga an\u00ebtarja e Vettingut \u00ebsht\u00eb d\u00ebnuar nga mbar\u00eb opinioni publik, si fyerje dhe diskriminim mbi baza krahinore. Kokalari shkruan n\u00eb [&hellip;]<\/p>\n","protected":false},"author":2031,"featured_media":248392,"comment_status":"closed","ping_status":"closed","sticky":false,"template":"","format":"standard","meta":{"footnotes":""},"categories":[241,231,235],"tags":[],"class_list":{"0":"post-248391","1":"post","2":"type-post","3":"status-publish","4":"format-standard","5":"has-post-thumbnail","7":"category-aktualitet","8":"category-lajme","9":"category-vendi"},"_links":{"self":[{"href":"https:\/\/zjarr.tv\/sq\/wp-json\/wp\/v2\/posts\/248391","targetHints":{"allow":["GET"]}}],"collection":[{"href":"https:\/\/zjarr.tv\/sq\/wp-json\/wp\/v2\/posts"}],"about":[{"href":"https:\/\/zjarr.tv\/sq\/wp-json\/wp\/v2\/types\/post"}],"author":[{"embeddable":true,"href":"https:\/\/zjarr.tv\/sq\/wp-json\/wp\/v2\/users\/2031"}],"replies":[{"embeddable":true,"href":"https:\/\/zjarr.tv\/sq\/wp-json\/wp\/v2\/comments?post=248391"}],"version-history":[{"count":0,"href":"https:\/\/zjarr.tv\/sq\/wp-json\/wp\/v2\/posts\/248391\/revisions"}],"wp:featuredmedia":[{"embeddable":true,"href":"https:\/\/zjarr.tv\/sq\/wp-json\/wp\/v2\/media\/248392"}],"wp:attachment":[{"href":"https:\/\/zjarr.tv\/sq\/wp-json\/wp\/v2\/media?parent=248391"}],"wp:term":[{"taxonomy":"category","embeddable":true,"href":"https:\/\/zjarr.tv\/sq\/wp-json\/wp\/v2\/categories?post=248391"},{"taxonomy":"post_tag","embeddable":true,"href":"https:\/\/zjarr.tv\/sq\/wp-json\/wp\/v2\/tags?post=248391"}],"curies":[{"name":"wp","href":"https:\/\/api.w.org\/{rel}","templated":true}]}}