{"id":248398,"date":"2022-04-02T17:13:49","date_gmt":"2022-04-02T15:13:49","guid":{"rendered":"https:\/\/zjarr.tv\/?p=248398"},"modified":"2022-04-02T17:13:49","modified_gmt":"2022-04-02T15:13:49","slug":"shehu-pd-kaloi-kohe-te-veshtira-te-qenit-se-bashku-normalitet","status":"publish","type":"post","link":"https:\/\/zjarr.tv\/sq\/shehu-pd-kaloi-kohe-te-veshtira-te-qenit-se-bashku-normalitet\/","title":{"rendered":"Shehu: PD kaloi koh\u00eb t\u00eb v\u00ebshtira, t\u00eb qenit s\u00eb bashku normalitet"},"content":{"rendered":"<p>Tritan Shehu, deputet i PD-s\u00eb dhe an\u00ebtar i Komisionit t\u00eb Rithemelimit, ishte i ftuar dit\u00ebn e sotme n\u00eb edicionin e pasdites n\u00eb Syri Tv.<\/p>\n<p>Shehu, nd\u00ebr t\u00eb tjera foli mbi deklarat\u00ebn e kryetarit t\u00eb ri t\u00eb Bashkis\u00eb Shkod\u00ebr, z. Bardh Spahiu, se &#8216;duhet t\u00eb ket\u00eb bashkim&#8217; dhe pyetjes se n\u00ebse ai e shikon k\u00ebt\u00eb, si nj\u00eb frym\u00eb bashkimi t\u00eb v\u00ebrtet, Shehu u p\u00ebrgjigj:<\/p>\n<p>&#8220;T\u00eb qenit s\u00eb bashku tashm\u00eb \u00ebsht\u00eb di\u00e7ka q\u00eb nuk ka pse t\u00eb t\u00ebrheq\u00eb m\u00eb v\u00ebmendjen, e kund\u00ebrta duhet t\u00eb t\u00ebrhiqte v\u00ebmendjen.<\/p>\n<p>Kjo \u00ebsht\u00eb normalitet, \u00ebsht\u00eb ajo \u00e7far\u00eb duhet t\u00eb ndodh\u00eb dhe nuk mund t\u00eb ndodh\u00eb ndrydhe.<\/p>\n<p>Ne kemi q\u00ebllime dhe detyra t\u00eb p\u00ebrbashk\u00ebta dhe t\u00eb gjith\u00eb ne jemi p\u00ebrzgjedhur nga nj\u00eb elektorat i p\u00ebrbashk\u00ebt dhe \u00ebsht\u00eb ai q\u00eb p\u00ebrcakton me vot\u00ebn e tij qenien ton\u00eb pjes\u00ebtar t\u00eb grupit parlamentar t\u00eb Partis\u00eb Demokratike.&#8221;<\/p>\n<p>I pyetur nga moderatori Marku, se duke pasur parasysh p\u00ebrplasjet e fundit, si po funksionon sot ky grup, Shehu theksoi se PD kaloi nj\u00eb koh\u00eb t\u00eb v\u00ebshtir\u00eb, por kjo kriz\u00eb krijoi nj\u00eb frym\u00eb t\u00eb re.<\/p>\n<p>&#8220;Partia Demokratike kaloi nj\u00eb kriz\u00eb jo t\u00eb leht\u00eb q\u00eb e ka zanafill\u00ebn nga humbjet e nj\u00ebpasnj\u00ebshme t\u00eb PD, nga vendime absurde p\u00ebr PD, dhe nga mosndjekja e asaj linje politike duke l\u00ebn\u00eb gjith\u00e7ka n\u00eb dor\u00eb t\u00eb Ram\u00ebs, e cila \u00e7oi n\u00eb humbjen e 25 Prillit, por kjo kriz\u00eb m\u00eb pas mori nj\u00eb form\u00eb t\u00eb re.<\/p>\n<p>Me vendimin e ish kryetarit, nj\u00eb vendim arbitrar i pabazuar p\u00ebr largimin e z. Berisha i cili solli nj\u00eb reagim t\u00eb qart\u00eb demokratik.&#8221;<\/p>\n","protected":false},"excerpt":{"rendered":"<p>Tritan Shehu, deputet i PD-s\u00eb dhe an\u00ebtar i Komisionit t\u00eb Rithemelimit, ishte i ftuar dit\u00ebn e sotme n\u00eb edicionin e pasdites n\u00eb Syri Tv. Shehu, nd\u00ebr t\u00eb tjera foli mbi deklarat\u00ebn e kryetarit t\u00eb ri t\u00eb Bashkis\u00eb Shkod\u00ebr, z. Bardh Spahiu, se &#8216;duhet t\u00eb ket\u00eb bashkim&#8217; dhe pyetjes se n\u00ebse ai e shikon k\u00ebt\u00eb, si [&hellip;]<\/p>\n","protected":false},"author":2031,"featured_media":162773,"comment_status":"closed","ping_status":"closed","sticky":false,"template":"","format":"standard","meta":{"footnotes":""},"categories":[241,231,235],"tags":[],"class_list":{"0":"post-248398","1":"post","2":"type-post","3":"status-publish","4":"format-standard","5":"has-post-thumbnail","7":"category-aktualitet","8":"category-lajme","9":"category-vendi"},"_links":{"self":[{"href":"https:\/\/zjarr.tv\/sq\/wp-json\/wp\/v2\/posts\/248398","targetHints":{"allow":["GET"]}}],"collection":[{"href":"https:\/\/zjarr.tv\/sq\/wp-json\/wp\/v2\/posts"}],"about":[{"href":"https:\/\/zjarr.tv\/sq\/wp-json\/wp\/v2\/types\/post"}],"author":[{"embeddable":true,"href":"https:\/\/zjarr.tv\/sq\/wp-json\/wp\/v2\/users\/2031"}],"replies":[{"embeddable":true,"href":"https:\/\/zjarr.tv\/sq\/wp-json\/wp\/v2\/comments?post=248398"}],"version-history":[{"count":0,"href":"https:\/\/zjarr.tv\/sq\/wp-json\/wp\/v2\/posts\/248398\/revisions"}],"wp:featuredmedia":[{"embeddable":true,"href":"https:\/\/zjarr.tv\/sq\/wp-json\/wp\/v2\/media\/162773"}],"wp:attachment":[{"href":"https:\/\/zjarr.tv\/sq\/wp-json\/wp\/v2\/media?parent=248398"}],"wp:term":[{"taxonomy":"category","embeddable":true,"href":"https:\/\/zjarr.tv\/sq\/wp-json\/wp\/v2\/categories?post=248398"},{"taxonomy":"post_tag","embeddable":true,"href":"https:\/\/zjarr.tv\/sq\/wp-json\/wp\/v2\/tags?post=248398"}],"curies":[{"name":"wp","href":"https:\/\/api.w.org\/{rel}","templated":true}]}}