{"id":248414,"date":"2022-04-02T17:59:55","date_gmt":"2022-04-02T15:59:55","guid":{"rendered":"https:\/\/zjarr.tv\/?p=248414"},"modified":"2022-04-02T17:59:55","modified_gmt":"2022-04-02T15:59:55","slug":"balliu-sali-berisha-eshte-nje-realitet-politik-i-pamohueshem","status":"publish","type":"post","link":"https:\/\/zjarr.tv\/sq\/balliu-sali-berisha-eshte-nje-realitet-politik-i-pamohueshem\/","title":{"rendered":"Balliu: Sali Berisha \u00ebsht\u00eb nj\u00eb realitet politik i pamohuesh\u00ebm"},"content":{"rendered":"<p>M\u00eb 2 prill t\u00eb 1991, n\u00eb Shkod\u00ebr u vran\u00eb 4 protestues dhe rreth 100 t\u00eb tjer\u00eb u plagos\u00ebn gjat\u00eb nj\u00eb proteste ndaj fitores s\u00eb PPSH-s\u00eb, t\u00eb zgjedhjeve t\u00eb para pluraliste m\u00eb 31 mars. N\u00eb k\u00ebto zgjedhje PPSH-ja fitoi 67.6 p\u00ebr qind t\u00eb votave kundrejt 38.71 p\u00ebr qind t\u00eb votave t\u00eb PD-s\u00eb.<\/p>\n<p>An\u00ebtari i Komisionit t\u00eb Rithemelimit, Klevis Balliu n\u00eb nj\u00eb intervist\u00eb n\u00eb RTV Ora me gazetaren Lili Sara\u00e7i u shpreh se 2 prilli simbolizon sakrific\u00ebn dhe heroizmin e atyre q\u00eb u p\u00ebrball\u00ebn me regjimin.<\/p>\n<p>Balliu: Dy prilli simbolizon nj\u00eb sakrific\u00eb t\u00eb madhe t\u00eb Shkodr\u00ebs, heroizmin e atyre q\u00eb u p\u00ebrball\u00ebn me regjimin. Sh\u00ebrben p\u00ebr t\u00eb na kujtuar vlerat, parimet  dhe sakrificat q\u00eb jan\u00eb b\u00ebr\u00eb p\u00ebr t\u00eb arritur k\u00ebtu ku jemi te fjala e lir\u00eb. Brezi im e ka marr\u00eb falas fjal\u00ebn e lir\u00eb, nga sakrifica e tyre. <\/p>\n<p>\u00cbsht\u00eb koha dhe momenti q\u00eb k\u00ebto data historike \u00ebsht\u00eb t\u2019i vler\u00ebsojm\u00eb dhe t\u2019i mbrojm\u00eb k\u00ebto vlera. Sot jan\u00eb t\u00eb cenuara jo vet\u00ebm p\u00ebr qytetar\u00ebt por edhe mediet. Mediet jan\u00eb t\u00eb cenuara n\u00eb fjal\u00ebn e lir\u00eb, k\u00ebrc\u00ebnohen, shantazhohen etj. Po p\u00ebrballemi me t\u00eb nj\u00ebjt\u00ebn gj\u00eb, me t\u00eb nj\u00ebjt\u00ebt individ\u00eb, me t\u00eb nj\u00ebjt\u00ebn parti p\u00ebr t\u00eb nj\u00ebjt\u00ebn \u00e7\u00ebshtje dhe mendoj se ka ardhur koha t\u2019i japim fund k\u00ebsaj lufte p\u00ebr t\u00eb kaluar n\u00eb hapa t\u00eb tjer\u00eb t\u00eb zhvillimit. Ta shkat\u00ebrrojm\u00eb nj\u00eb her\u00eb e mir\u00eb regjimin komunist, mend\u00ebsin\u00eb hoxhiste q\u00eb jeton n\u00eb shpirtin, zemr\u00ebn, veprat, aktet dhe politik\u00ebn e qeveris\u00eb aktuale.<\/p>\n<p>A \u00ebsht\u00eb PD e gatshme p\u00ebr t\u00eb \u00e7uar p\u00ebrpara betejat?<\/p>\n<p>Balliu u shpreh me bindje se PD \u00ebsht\u00eb gati, \u00e7do demokrat \u00ebsht\u00eb gati. Sipas tij, \u00ebsht\u00eb shum\u00eb pozitive q\u00eb m\u00eb n\u00eb fund ka r\u00ebn\u00eb teoria autokrate q\u00eb nuk duhet pasur asnj\u00eb mendim ndryshe nga kryetari.<\/p>\n<p>Balliu: Kjo teori ra fal\u00eb l\u00ebvizjes s\u00eb Sali Berish\u00ebs. \u00c7do mendim t\u00eb p\u00eblqen ose jo n\u00eb nj\u00eb vend demokratik duhet respektuar.<\/p>\n<p>P\u00ebr sa i p\u00ebrket mendimit t\u00eb Enkelejd Alibeajt p\u00ebr mospjes\u00ebmarrjen e Sali Berish\u00ebs n\u00eb Grupin Parlamentar t\u00eb PD-s\u00eb, Balliu thot\u00eb se kjo \u00ebsht\u00eb nj\u00eb \u00e7\u00ebshtje e mbyllur. Sipas tij, Alibeaj refuzon t\u00eb njoh\u00eb realitetin politik.<\/p>\n<p>Balliu: Jo t\u00eb gjith\u00eb deputet\u00ebt q\u00eb kan\u00eb qen\u00eb n\u00eb krah t\u00eb Bash\u00ebs mb\u00ebshtesin mendimin e Alibeajt. E njohin zotin Berisha q\u00eb ka t\u00eb drejt\u00eb t\u00eb kandidoj\u00eb. <\/p>\n<p>Alibeaj e di q\u00eb nga pik\u00ebpamja juridike kjo \u00e7\u00ebshtje \u00ebsht\u00eb mbyllur, se e mbylli vota. T\u00eb thuash sot nuk e njoh ti k\u00ebrkon mos njoh\u00ebsh realitetin politik. Mendimin t\u00ebnd mbaje dhe lufto p\u00ebr ta \u00e7uar deri n\u00eb fund, por realitetin politik do ta njoh\u00ebsh. Sali Berisha \u00ebsht\u00eb nj\u00eb realitet politik i pamohuesh\u00ebm, mund t\u00eb jesh dakord me t\u00eb ose jo. N\u00ebse ti nuk dallon dot realitetin nga fantazia at\u00ebher\u00eb ke probleme t\u00eb tjera. Kjo \u00e7\u00ebshtje \u00ebsht\u00eb e sqaruar.<\/p>\n<p>A ka Komisioni i Rithemelimit nj\u00eb formul\u00eb p\u00ebr z\u00ebrat kritik\u00eb?<\/p>\n<p>Balliu: PD aktualisht \u00ebsht\u00eb pa institucione. T\u00eb vetmet  institucione jan\u00eb Komisioni i Rithemelimit dhe Grupi Parlamentar. Zgjidhja do t\u00eb vij\u00eb brenda diskutimeve q\u00eb do t\u00eb jen\u00eb brenda Grupit Parlamentar dhe kam bindjen se do t\u00eb jet\u00eb shum\u00eb e shpejt\u00eb.<\/p>\n","protected":false},"excerpt":{"rendered":"<p>M\u00eb 2 prill t\u00eb 1991, n\u00eb Shkod\u00ebr u vran\u00eb 4 protestues dhe rreth 100 t\u00eb tjer\u00eb u plagos\u00ebn gjat\u00eb nj\u00eb proteste ndaj fitores s\u00eb PPSH-s\u00eb, t\u00eb zgjedhjeve t\u00eb para pluraliste m\u00eb 31 mars. N\u00eb k\u00ebto zgjedhje PPSH-ja fitoi 67.6 p\u00ebr qind t\u00eb votave kundrejt 38.71 p\u00ebr qind t\u00eb votave t\u00eb PD-s\u00eb. An\u00ebtari i Komisionit t\u00eb [&hellip;]<\/p>\n","protected":false},"author":2031,"featured_media":181111,"comment_status":"closed","ping_status":"closed","sticky":false,"template":"","format":"standard","meta":{"footnotes":""},"categories":[241,231,235],"tags":[],"class_list":{"0":"post-248414","1":"post","2":"type-post","3":"status-publish","4":"format-standard","5":"has-post-thumbnail","7":"category-aktualitet","8":"category-lajme","9":"category-vendi"},"_links":{"self":[{"href":"https:\/\/zjarr.tv\/sq\/wp-json\/wp\/v2\/posts\/248414","targetHints":{"allow":["GET"]}}],"collection":[{"href":"https:\/\/zjarr.tv\/sq\/wp-json\/wp\/v2\/posts"}],"about":[{"href":"https:\/\/zjarr.tv\/sq\/wp-json\/wp\/v2\/types\/post"}],"author":[{"embeddable":true,"href":"https:\/\/zjarr.tv\/sq\/wp-json\/wp\/v2\/users\/2031"}],"replies":[{"embeddable":true,"href":"https:\/\/zjarr.tv\/sq\/wp-json\/wp\/v2\/comments?post=248414"}],"version-history":[{"count":0,"href":"https:\/\/zjarr.tv\/sq\/wp-json\/wp\/v2\/posts\/248414\/revisions"}],"wp:featuredmedia":[{"embeddable":true,"href":"https:\/\/zjarr.tv\/sq\/wp-json\/wp\/v2\/media\/181111"}],"wp:attachment":[{"href":"https:\/\/zjarr.tv\/sq\/wp-json\/wp\/v2\/media?parent=248414"}],"wp:term":[{"taxonomy":"category","embeddable":true,"href":"https:\/\/zjarr.tv\/sq\/wp-json\/wp\/v2\/categories?post=248414"},{"taxonomy":"post_tag","embeddable":true,"href":"https:\/\/zjarr.tv\/sq\/wp-json\/wp\/v2\/tags?post=248414"}],"curies":[{"name":"wp","href":"https:\/\/api.w.org\/{rel}","templated":true}]}}