{"id":248418,"date":"2022-04-02T18:03:13","date_gmt":"2022-04-02T16:03:13","guid":{"rendered":"https:\/\/zjarr.tv\/?p=248418"},"modified":"2022-04-02T18:03:13","modified_gmt":"2022-04-02T16:03:13","slug":"amnesty-international-denon-patronazhistet","status":"publish","type":"post","link":"https:\/\/zjarr.tv\/sq\/amnesty-international-denon-patronazhistet\/","title":{"rendered":"Amnesty International d\u00ebnon \u201cpatronazhist\u00ebt\u201d"},"content":{"rendered":"<p>Raporti i AI kryq\u00ebzon rrjedhjen e pagave dhe shkeljet e t\u00eb drejtave t\u00eb njeriut. E drejta e privat\u00ebsis\u00eb s\u00eb afro 900 mij\u00eb qytetar\u00ebve \u00ebsht\u00eb dhunuar dhe t\u00eb dh\u00ebnat sensitive t\u00eb qytetar\u00ebve shqiptar\u00eb jan\u00eb p\u00ebrdorur p\u00ebr q\u00ebllime elektorale nga Partia Socialiste. Reforma n\u00eb Drejt\u00ebsi, dhuna ndaj vazave, komuniteit t\u00eb LGBTI dhe presioni q\u00eb ushtrohet mbi gazetar\u00ebt dhe median.<\/p>\n<p>E DREJTA E PRIVAT\u00cbSIS\u00cb S\u00cb AFRO 900 MIJ\u00cb QYTETAR\u00cbVE \u00cbSHT\u00cb DHUNUAR T\u00cb DH\u00cbNAT SENSITIVE T\u00cb QYTETAR\u00cbVE SHQIPTAR\u00cb JAN\u00cb P\u00cbRDORUR P\u00cbR Q\u00cbLLIME ELEKTORALE NGA PARTIA SOCIALISTE. REFORMA N\u00cb DREJT\u00cbSI KA ECUR ME HAPA T\u00cb NGADALT\u00cb<\/p>\n<p>Raporti vjetor i Amnesty International p\u00ebr vitin 2021\/2022 i publikuar s\u00eb fundmi \u00ebsht\u00eb nj\u00eb analiz\u00eb globale p\u00ebr 154 shtete p\u00ebrfshir\u00eb dhe Shqip\u00ebrin\u00eb, ku dokumentohen shkeljet kryesore t\u00eb t\u00eb drejtave t\u00eb njeriut, t\u00eb ndara n\u00eb tre grupime t\u00eb m\u00ebdha: sh\u00ebndeti dhe pabarazit\u00eb, mund\u00ebsia p\u00ebr t\u2019u organizuar n\u00eb komunitet dhe trajtimi i refugjat\u00ebve.<\/p>\n<p>\u00c7far\u00eb \u00ebsht\u00eb Amnesty International?<\/p>\n<p>Amnesty International \u00ebsht\u00eb nj\u00eb organizat\u00eb nd\u00ebrkomb\u00ebtare e fokusuar n\u00eb t\u00eb drejtat e njeriut. Kjo organizat\u00eb \u00ebsht\u00eb themeluar n\u00eb vitin 1961 dhe ka si mision garantimin e t\u00eb drejtave themelore t\u00eb njeriut, t\u00eb sanksionuara n\u00eb Deklarat\u00ebn Universale t\u00eb t\u00eb Drejtave t\u00eb Njeriut dhe instrumentet e tjera nd\u00ebrkomb\u00ebtare.<\/p>\n<p>Si paraqitet Shqip\u00ebria n\u00eb k\u00ebt\u00eb raport?<\/p>\n<p>Rrjedhja e t\u00eb dh\u00ebnave t\u00eb mbi 900.000 qytetar\u00ebve n\u00eb Shqip\u00ebri, n\u00eb prag t\u00eb zgjedhjeve n\u00eb prill t\u00eb vitit 2021, \u00ebsht\u00eb nj\u00eb nd\u00ebr shkeljet e p\u00ebrmendura n\u00eb raportin e Amnesty International.<\/p>\n<p>\u201cE drejta e privat\u00ebsis\u00eb s\u00eb afro 900 mij\u00eb qytetar\u00ebve \u00ebsht\u00eb dhunuar\u201d, \u2013 shkruhet n\u00eb raport. Amnesty e konsideron k\u00ebt\u00eb databaz\u00eb t\u00eb paligjshme, nd\u00ebrkoh\u00eb q\u00eb thekson se t\u00eb dh\u00ebnat sensitive t\u00eb qytetar\u00ebve shqiptar\u00eb jan\u00eb p\u00ebrdorur p\u00ebr q\u00ebllime elektorale nga Partia Socialiste.<\/p>\n<p>Ky raport informon se 162 qytetar\u00eb e kan\u00eb paditur Partin\u00eb Socialiste p\u00ebr shkelje t\u00eb ligjit \u201cP\u00ebr mbrojtjen e t\u00eb dh\u00ebnave personale\u201d.<\/p>\n<p>\u201cN\u00eb dhjetor, dy baza t\u00eb tjera t\u00eb t\u00eb dh\u00ebnave u zbuluan, duke shkaktuar zem\u00ebrim publik. Ata mbanin t\u00eb dh\u00ebna personale si pagat, vendet e pun\u00ebs dhe llojin e makin\u00ebs n\u00eb pron\u00ebsi t\u00eb m\u00eb shum\u00eb se 600,000 taksapaguesve\u201d, \u2013 theksohet n\u00eb raportin e Amnesty International.<\/p>\n<p>Amnesty International p\u00ebrmend dhe faktin q\u00eb SPAK (Struktura e Posa\u00e7me Kund\u00ebr Korrupsionit) moratoi vendimin q\u00eb t\u00eb sekuestrohet baza e t\u00eb dh\u00ebnave t\u00eb medias Lapsi.al, i cili publikoi s\u00eb pari faktin q\u00eb t\u00eb dh\u00ebnat e rreth 900 mij\u00eb qytetar\u00ebve po p\u00ebrpunoheshin dhe p\u00ebrdoreshin p\u00ebr q\u00ebllime elektorale.<\/p>\n<p>\u201cShqet\u00ebsimet u ngrit\u00ebn n\u00eb lidhje me lirin\u00eb e shprehjes, mbrojtjen e burimeve dhe frik\u00ebsimin e gazetar\u00ebve\u201d, \u2013 shkruhet n\u00eb raport, duke e konsideruar veprimin e SPAK si k\u00ebrc\u00ebnim ndaj liris\u00eb s\u00eb shprehjes.<\/p>\n<p>M\u00eb pas, Gjykata Evropiane rr\u00ebzoi vendimin e SPAK p\u00ebr sekuestrimin e databaz\u00ebs s\u00eb Lapsi.al.<\/p>\n","protected":false},"excerpt":{"rendered":"<p>Raporti i AI kryq\u00ebzon rrjedhjen e pagave dhe shkeljet e t\u00eb drejtave t\u00eb njeriut. E drejta e privat\u00ebsis\u00eb s\u00eb afro 900 mij\u00eb qytetar\u00ebve \u00ebsht\u00eb dhunuar dhe t\u00eb dh\u00ebnat sensitive t\u00eb qytetar\u00ebve shqiptar\u00eb jan\u00eb p\u00ebrdorur p\u00ebr q\u00ebllime elektorale nga Partia Socialiste. Reforma n\u00eb Drejt\u00ebsi, dhuna ndaj vazave, komuniteit t\u00eb LGBTI dhe presioni q\u00eb ushtrohet mbi gazetar\u00ebt [&hellip;]<\/p>\n","protected":false},"author":2030,"featured_media":248419,"comment_status":"closed","ping_status":"closed","sticky":false,"template":"","format":"standard","meta":{"footnotes":""},"categories":[241,3365],"tags":[],"class_list":{"0":"post-248418","1":"post","2":"type-post","3":"status-publish","4":"format-standard","5":"has-post-thumbnail","7":"category-aktualitet","8":"category-analize"},"_links":{"self":[{"href":"https:\/\/zjarr.tv\/sq\/wp-json\/wp\/v2\/posts\/248418","targetHints":{"allow":["GET"]}}],"collection":[{"href":"https:\/\/zjarr.tv\/sq\/wp-json\/wp\/v2\/posts"}],"about":[{"href":"https:\/\/zjarr.tv\/sq\/wp-json\/wp\/v2\/types\/post"}],"author":[{"embeddable":true,"href":"https:\/\/zjarr.tv\/sq\/wp-json\/wp\/v2\/users\/2030"}],"replies":[{"embeddable":true,"href":"https:\/\/zjarr.tv\/sq\/wp-json\/wp\/v2\/comments?post=248418"}],"version-history":[{"count":0,"href":"https:\/\/zjarr.tv\/sq\/wp-json\/wp\/v2\/posts\/248418\/revisions"}],"wp:featuredmedia":[{"embeddable":true,"href":"https:\/\/zjarr.tv\/sq\/wp-json\/wp\/v2\/media\/248419"}],"wp:attachment":[{"href":"https:\/\/zjarr.tv\/sq\/wp-json\/wp\/v2\/media?parent=248418"}],"wp:term":[{"taxonomy":"category","embeddable":true,"href":"https:\/\/zjarr.tv\/sq\/wp-json\/wp\/v2\/categories?post=248418"},{"taxonomy":"post_tag","embeddable":true,"href":"https:\/\/zjarr.tv\/sq\/wp-json\/wp\/v2\/tags?post=248418"}],"curies":[{"name":"wp","href":"https:\/\/api.w.org\/{rel}","templated":true}]}}