{"id":248422,"date":"2022-04-02T18:17:57","date_gmt":"2022-04-02T16:17:57","guid":{"rendered":"https:\/\/zjarr.tv\/?p=248422"},"modified":"2022-04-02T18:17:57","modified_gmt":"2022-04-02T16:17:57","slug":"salianji-shqetesues-fakti-qe-basha-nuk-pergenjeshtron-lajmet-se-do-jete-kandidat-per-president-nuk-do-e-votoja-asnjehere-kete-pazar","status":"publish","type":"post","link":"https:\/\/zjarr.tv\/sq\/salianji-shqetesues-fakti-qe-basha-nuk-pergenjeshtron-lajmet-se-do-jete-kandidat-per-president-nuk-do-e-votoja-asnjehere-kete-pazar\/","title":{"rendered":"Salianji: Shqet\u00ebsues fakti q\u00eb Basha nuk p\u00ebrg\u00ebnjeshtron lajmet se do jet\u00eb kandidat p\u00ebr President. Nuk do e votoja asnj\u00ebher\u00eb k\u00ebt\u00eb pazar"},"content":{"rendered":"<p>Pyetjes nese do ta votonte Lulzim Bash\u00ebn si kandidat p\u00ebr President, deputeti demokrat Ervin Salianji u p\u00ebrgjigj: \u201cLajmi qarkullon gj\u00ebr\u00ebsisht n\u00eb media prej dit\u00ebsh dhe \u00ebsht\u00eb lajm shqet\u00ebsues p\u00ebr \u00e7do opozitar n\u00eb k\u00ebt\u00eb vend!<\/p>\n<p>Politika konstruktive nuk \u00ebsht\u00eb shitja e opozit\u00ebs, por opozita e forte, pa kompromise personale. Gjith\u00e7ka p\u00ebr interes t\u00eb qytetar\u00ebve \u00ebsht\u00eb politik\u00eb konstruktive.<\/p>\n<p>Natyrisht as q\u00eb mendohet ta votoj!\u201d.\/kohajon\u00eb<\/p>\n","protected":false},"excerpt":{"rendered":"<p>Pyetjes nese do ta votonte Lulzim Bash\u00ebn si kandidat p\u00ebr President, deputeti demokrat Ervin Salianji u p\u00ebrgjigj: \u201cLajmi qarkullon gj\u00ebr\u00ebsisht n\u00eb media prej dit\u00ebsh dhe \u00ebsht\u00eb lajm shqet\u00ebsues p\u00ebr \u00e7do opozitar n\u00eb k\u00ebt\u00eb vend! Politika konstruktive nuk \u00ebsht\u00eb shitja e opozit\u00ebs, por opozita e forte, pa kompromise personale. Gjith\u00e7ka p\u00ebr interes t\u00eb qytetar\u00ebve \u00ebsht\u00eb politik\u00eb [&hellip;]<\/p>\n","protected":false},"author":2030,"featured_media":248423,"comment_status":"closed","ping_status":"closed","sticky":false,"template":"","format":"standard","meta":{"footnotes":""},"categories":[241,3366,5380,231,1454],"tags":[],"class_list":{"0":"post-248422","1":"post","2":"type-post","3":"status-publish","4":"format-standard","5":"has-post-thumbnail","7":"category-aktualitet","8":"category-koment","9":"category-kryesore","10":"category-lajme","11":"category-politike"},"_links":{"self":[{"href":"https:\/\/zjarr.tv\/sq\/wp-json\/wp\/v2\/posts\/248422","targetHints":{"allow":["GET"]}}],"collection":[{"href":"https:\/\/zjarr.tv\/sq\/wp-json\/wp\/v2\/posts"}],"about":[{"href":"https:\/\/zjarr.tv\/sq\/wp-json\/wp\/v2\/types\/post"}],"author":[{"embeddable":true,"href":"https:\/\/zjarr.tv\/sq\/wp-json\/wp\/v2\/users\/2030"}],"replies":[{"embeddable":true,"href":"https:\/\/zjarr.tv\/sq\/wp-json\/wp\/v2\/comments?post=248422"}],"version-history":[{"count":0,"href":"https:\/\/zjarr.tv\/sq\/wp-json\/wp\/v2\/posts\/248422\/revisions"}],"wp:featuredmedia":[{"embeddable":true,"href":"https:\/\/zjarr.tv\/sq\/wp-json\/wp\/v2\/media\/248423"}],"wp:attachment":[{"href":"https:\/\/zjarr.tv\/sq\/wp-json\/wp\/v2\/media?parent=248422"}],"wp:term":[{"taxonomy":"category","embeddable":true,"href":"https:\/\/zjarr.tv\/sq\/wp-json\/wp\/v2\/categories?post=248422"},{"taxonomy":"post_tag","embeddable":true,"href":"https:\/\/zjarr.tv\/sq\/wp-json\/wp\/v2\/tags?post=248422"}],"curies":[{"name":"wp","href":"https:\/\/api.w.org\/{rel}","templated":true}]}}