{"id":248706,"date":"2022-04-04T10:19:08","date_gmt":"2022-04-04T08:19:08","guid":{"rendered":"https:\/\/zjarr.tv\/?p=248706"},"modified":"2022-04-04T10:19:08","modified_gmt":"2022-04-04T08:19:08","slug":"nga-lapraka-drejt-vlores-ne-proteste-per-projektin-e-sheshit-te-flamurit-policia-procedon-penalisht-4-qytetare","status":"publish","type":"post","link":"https:\/\/zjarr.tv\/sq\/nga-lapraka-drejt-vlores-ne-proteste-per-projektin-e-sheshit-te-flamurit-policia-procedon-penalisht-4-qytetare\/","title":{"rendered":"Nga Lapraka drejt Vlor\u00ebs n\u00eb protest\u00eb p\u00ebr projektin e \u201cSheshit t\u00eb Flamurit\u201d, policia procedon penalisht 4 qytetar\u00eb"},"content":{"rendered":"<p>Disa dhjet\u00ebra qytetar\u00eb u mblodh\u00ebn dit\u00ebn e djeshme p\u00ebr t\u00eb protestuar n\u00eb Vlor\u00eb kund\u00ebr projektit p\u00ebr \u201cSheshin e Flamurit\u201d, pasi than\u00eb se ky projekt humb origjinalitetin dhe shkat\u00ebrron kujtes\u00ebn historike q\u00eb ky shesh ka p\u00ebr vlonjat\u00ebt.<\/p>\n<p>Nd\u00ebrkoh\u00eb, polciia ka proceduar penalisht 4 qytetar\u00eb, t\u00eb cil\u00ebt kishin shkuar nga Lapraka p\u00ebr t\u00eb protestuar n\u00eb Vlor\u00eb. O. B., 27 vje\u00e7, A. K., 25 vje\u00e7, A. A., 49 vje\u00e7 dhe<br \/>\n A.K., 43 vje\u00e7, akuzohen p\u00ebr vepr\u00ebn penale \u201cOrganizimi dhe pjes\u00ebmarrja n\u00eb grumbullime dhe manifestime t\u00eb paligjshshme\u201d, pasi kan\u00eb organizuar grumbullim dhe manifestim t\u00eb paligjsh\u00ebm.<\/p>\n<p>\u201cO. B., 27 vje\u00e7, A. K., 25 vje\u00e7, A. A., 49 vje\u00e7 dhe A. K., 43 vje\u00e7, banues n\u00eb Laprak\u00eb, Tiran\u00eb, p\u00ebr vepr\u00ebn penale \u201cOrganizimi dhe pjes\u00ebmarrja n\u00eb grumbullime dhe manifestime t\u00eb paligjshshme\u201d, pasi kan\u00eb organizuar grumbullim dhe manifestim t\u00eb paligjsh\u00ebm, n\u00eb Sheshin e Flamurit, n\u00eb Vlor\u00eb. Materialet i kaluan Prokuroris\u00eb, p\u00ebr veprime t\u00eb m\u00ebtejshme\u201d, njofton policia.<\/p>\n","protected":false},"excerpt":{"rendered":"<p>Disa dhjet\u00ebra qytetar\u00eb u mblodh\u00ebn dit\u00ebn e djeshme p\u00ebr t\u00eb protestuar n\u00eb Vlor\u00eb kund\u00ebr projektit p\u00ebr \u201cSheshin e Flamurit\u201d, pasi than\u00eb se ky projekt humb origjinalitetin dhe shkat\u00ebrron kujtes\u00ebn historike q\u00eb ky shesh ka p\u00ebr vlonjat\u00ebt. Nd\u00ebrkoh\u00eb, polciia ka proceduar penalisht 4 qytetar\u00eb, t\u00eb cil\u00ebt kishin shkuar nga Lapraka p\u00ebr t\u00eb protestuar n\u00eb Vlor\u00eb. O. [&hellip;]<\/p>\n","protected":false},"author":2031,"featured_media":248707,"comment_status":"closed","ping_status":"closed","sticky":false,"template":"","format":"standard","meta":{"footnotes":""},"categories":[241,231,235],"tags":[],"class_list":{"0":"post-248706","1":"post","2":"type-post","3":"status-publish","4":"format-standard","5":"has-post-thumbnail","7":"category-aktualitet","8":"category-lajme","9":"category-vendi"},"_links":{"self":[{"href":"https:\/\/zjarr.tv\/sq\/wp-json\/wp\/v2\/posts\/248706","targetHints":{"allow":["GET"]}}],"collection":[{"href":"https:\/\/zjarr.tv\/sq\/wp-json\/wp\/v2\/posts"}],"about":[{"href":"https:\/\/zjarr.tv\/sq\/wp-json\/wp\/v2\/types\/post"}],"author":[{"embeddable":true,"href":"https:\/\/zjarr.tv\/sq\/wp-json\/wp\/v2\/users\/2031"}],"replies":[{"embeddable":true,"href":"https:\/\/zjarr.tv\/sq\/wp-json\/wp\/v2\/comments?post=248706"}],"version-history":[{"count":0,"href":"https:\/\/zjarr.tv\/sq\/wp-json\/wp\/v2\/posts\/248706\/revisions"}],"wp:featuredmedia":[{"embeddable":true,"href":"https:\/\/zjarr.tv\/sq\/wp-json\/wp\/v2\/media\/248707"}],"wp:attachment":[{"href":"https:\/\/zjarr.tv\/sq\/wp-json\/wp\/v2\/media?parent=248706"}],"wp:term":[{"taxonomy":"category","embeddable":true,"href":"https:\/\/zjarr.tv\/sq\/wp-json\/wp\/v2\/categories?post=248706"},{"taxonomy":"post_tag","embeddable":true,"href":"https:\/\/zjarr.tv\/sq\/wp-json\/wp\/v2\/tags?post=248706"}],"curies":[{"name":"wp","href":"https:\/\/api.w.org\/{rel}","templated":true}]}}