{"id":248746,"date":"2022-04-04T13:16:08","date_gmt":"2022-04-04T11:16:08","guid":{"rendered":"https:\/\/zjarr.tv\/?p=248746"},"modified":"2022-04-04T13:16:08","modified_gmt":"2022-04-04T11:16:08","slug":"roli-i-veliajt-ne-aferen-e-sharres-si-u-hap-rruga-e-kontrates-128-mln-euro-dokumentat","status":"publish","type":"post","link":"https:\/\/zjarr.tv\/sq\/roli-i-veliajt-ne-aferen-e-sharres-si-u-hap-rruga-e-kontrates-128-mln-euro-dokumentat\/","title":{"rendered":"Roli i Veliajt n\u00eb \u201cafer\u00ebn\u201d e Sharr\u00ebs. Si u hap rruga e kontrat\u00ebs 128 mln euro (dokumentat)"},"content":{"rendered":"<p>Nga Boldnews.al<\/p>\n<p>Mesjava e kaluar pati disa zhvillime t\u00eb vrullshme, megjithat\u00eb t\u00eb pjesshme, n\u00eb at\u00eb q\u00eb konsiderohet si afera gjigande e incenerator\u00ebve.<\/p>\n<p>Ish-deputeti socialist, Alqi Bllako dhe nj\u00eb dyzin\u00eb zyrtar\u00ebsh q\u00eb kan\u00eb kryer rolin e an\u00ebtar\u00ebve t\u00eb Komisionit t\u00eb Koncensioneve p\u00ebr incenerator\u00ebt e Elbasanit dhe Fierit jan\u00eb tashm\u00eb n\u00eb pranga.<\/p>\n<p>Gjith\u00ebsesi, Struktura e Posa\u00e7me Anti-Korrupsion (SPAK), t\u00eb pakt\u00ebn deri m\u00eb tani, nuk ka dh\u00ebn\u00eb ndonj\u00eb sinjal avancimi p\u00ebr hetimet mbi inceneratorin e Tiran\u00ebs. Dosja penale nr.255 e vitit 2020 duket se \u00ebsht\u00eb \u201cpatatja e nxeht\u00eb\u201d p\u00ebr prokuror\u00ebt special\u00eb.<\/p>\n<p>N\u00eb procedur\u00ebn e koncensionit p\u00ebr nd\u00ebrtimin e landfillit t\u00eb Tiran\u00ebs, gjenden, me firm\u00eb e vul\u00eb t\u00eb gjith\u00eb zyrtar\u00ebt m\u00eb t\u00eb r\u00ebnd\u00ebsish\u00ebm t\u00eb qeveris\u00eb socialiste dhe si \u201cqershi mbi tort\u00eb\u201d, kryetarin e Bashkis\u00eb s\u00eb kryeqytetit, Erion Veliaj.<\/p>\n<p>Erion Veliaj vijon t\u00eb mbetet publikisht nj\u00eb prej t\u00eb dyshuarve kryesor\u00eb n\u00eb at\u00eb q\u00eb konsiderohet si \u201cafera e inceneratorit t\u00eb Sharr\u00ebs\u201d, e cila ngarkon qytetar\u00ebt e Tiran\u00ebs me detyrim disa qindra milion\u00eb euro p\u00ebr 30 vjet, p\u00ebr depozitimin dhe p\u00ebrpunimin e mbetjeve urbane.<\/p>\n<p>Kryetari i Bashkis\u00eb mohoi t\u00eb jet\u00eb p\u00ebrfshir\u00eb n\u00eb procedurat koncensionare dhe t\u00eb ket\u00eb shmangur K\u00ebshillin Bashkiak nga vendimmarrja p\u00ebr fatur\u00ebn mbi qytetar\u00ebt. Ai, megjithat\u00eb, pranoi se ishte shprehur parimisht dakord me projektin, n\u00eb Mars 2017, pasi Bashkia nuk ngarkohej me kosto shtes\u00eb.<\/p>\n<p>Disa dokumente tregojn\u00eb n\u00eb m\u00ebnyr\u00eb indirekte se Veliaj ishte n\u00eb dijeni t\u00eb projektit edhe p\u00ebrpara k\u00ebsaj date dhe duket se kishte marr\u00eb p\u00ebrsip\u00ebr detyrime n\u00eb kuad\u00ebr t\u00eb Koncensionit.<\/p>\n<p>Historia nis n\u00eb Shtator 2016.<\/p>\n<p>Ministri i Mjedisit, Lefter Koka, komunikon me ministrin e Financave, Arben Ahmetaj, t\u00eb cilit i sugjeron nisjen e procedurave koncensionare.<\/p>\n<p>Ahmetaj duket fillimisht skeptik p\u00ebr mund\u00ebsit\u00eb buxhetore. Koka i shpjegon se projekti parashikon q\u00eb impianti t\u00eb nd\u00ebrtohet me shpenzimet e kompanis\u00eb private dhe kostot do t\u00eb mbulohen n\u00eb 30 vjet, n\u00ebp\u00ebrmjet pagesave p\u00ebr depozitimin e mbetjeve nga bashkit\u00eb e Qarkut t\u00eb Tiran\u00ebs.<\/p>\n<p>N\u00eb nj\u00eb shkres\u00eb t\u00eb dat\u00ebs 27 Dhjetor 2016, pra tre muaj p\u00ebrpara se Erion Veliaj t\u00eb jepte dakord\u00ebsin\u00eb e tij, Lefter Koka informon Ahmetajn se \u201c..Bashkia e Tiran\u00ebs merr p\u00ebrsip\u00ebr t\u00eb mbuloj\u00eb kostot e depozitimit p\u00ebr minimum 700 ton mbetje n\u00eb dit\u00eb\u201d.<\/p>\n<p>Po ashtu, n\u00eb 1 Shkurt 2017, Lefter Koka i shkruan s\u00ebrish Arben Ahmetajt: \u201c\u2026Bashkia Tiran\u00eb ka marr\u00eb p\u00ebrsip\u00ebr q\u00eb do t\u00eb v\u00ebr\u00eb n\u00eb dispozicion t\u00eb pagesave p\u00ebr depozitimin e mbetjeve vler\u00ebn prej 1 milion\u00eb eurove, q\u00eb konvertohet n\u00eb 34.365 ton mbetje n\u00eb vit\u201d.<\/p>\n<p>Nuk \u00ebsht\u00eb e qart\u00eb se si jan\u00eb marr\u00eb p\u00ebrsip\u00ebr k\u00ebto detyrime nga Bashkia e Tiran\u00ebs, kur, t\u00eb pakt\u00ebn deri n\u00eb at\u00eb koh\u00eb, nuk kishte asnj\u00eb vendim t\u00eb K\u00ebshillit Bashkiak q\u00eb e lidhte institucionin e drejtuar nga Veliaj me procedurat koncensionare.<\/p>\n<p>N\u00eb vijim, Arben Ahmetaj i k\u00ebrkon Lefter Kok\u00ebs q\u00eb t\u00eb marr\u00eb konfirmim me shkrim nga Qarku Tiran\u00eb, si p\u00ebrfituesi kryesor i projektit koncensionar, ku p\u00ebrfshihen disa bashki.<\/p>\n<p>N\u00eb 27 Mars 2017, Erion Veliaj, i p\u00ebrgjigjet Sekretarit t\u00eb P\u00ebrgjithsh\u00ebm t\u00eb Ministris\u00eb s\u00eb Mjedisit se \u00ebsht\u00eb parimisht dakord me projektin e propozuar.<\/p>\n<p>Kaq mjaftoi q\u00eb skepticizmi i Arben Ahmetajt t\u00eb rr\u00ebzohej. Lefter Koka e informon Ministrin e Financave se Bashkia e Tiran\u00ebs \u00ebsht\u00eb dakord. Ahmetaj shprehet pa komente, nj\u00eb m\u00ebnyr\u00eb aprovuese p\u00ebr procedur\u00ebn koncensionare, p\u00ebrsa koh\u00eb q\u00eb Bashkia Tiran\u00eb ishte shprehur dakord. Ahmetaj anashkalon faktin se kishte k\u00ebmb\u00ebngulur q\u00eb aprovimi t\u00eb jepej nga i gjith\u00eb Qarku dhe jo vet\u00ebm nga Bashkia e Tiran\u00ebs.<\/p>\n<p>Pra, duket qart\u00eb q\u00eb dakord\u00ebsia e Veliajt i ka hapur rrug\u00ebn koncensionit 30-vje\u00e7ar. N\u00eb 28 Shtator 2017, nj\u00eb muaj pas miratimit t\u00eb kontrat\u00ebs koncensionare, Erion Veliaj merr autorizimin nga K\u00ebshilli Bashkiak i Tiran\u00ebs p\u00ebr detyrimet ndaj kompanis\u00eb private, q\u00eb, si\u00e7 deklaroi ai, lidheshin me depozitimin e mbetjeve.<\/p>\n<p>Por, pyetja thelb\u00ebsore vijon t\u00eb mbetet-po n\u00ebse K\u00ebshilli Bashkiak nuk do t\u2019i jepte autorizimin Veliajt, \u00e7far\u00eb do t\u00eb ndodhte me kontrat\u00ebn koncensionare? Si ka mund\u00ebsi q\u00eb Lefter Koka dhe Arben Ahmetaj, e bashk\u00eb me ta e gjith\u00eb qeveria, i dhan\u00eb udh\u00eb koncensionit t\u00eb Sharr\u00ebs, pa u shprehur m\u00eb par\u00eb K\u00ebshilli Bashkiak i Tiran\u00ebs p\u00ebr t\u00eb marr\u00eb p\u00ebrsip\u00ebr fatur\u00ebn e depozitimit dhe n\u00eb munges\u00eb t\u00eb aprovimit nga bashkit\u00eb e tjera t\u00eb Qarkut Tiran\u00eb?<\/p>\n<p>Erion Veliaj k\u00ebmb\u00ebngul se ai ka dh\u00ebn\u00eb vet\u00ebm dakord\u00ebsin\u00eb n\u00eb parim p\u00ebr projektin.<\/p>\n","protected":false},"excerpt":{"rendered":"<p>Nga Boldnews.al Mesjava e kaluar pati disa zhvillime t\u00eb vrullshme, megjithat\u00eb t\u00eb pjesshme, n\u00eb at\u00eb q\u00eb konsiderohet si afera gjigande e incenerator\u00ebve. Ish-deputeti socialist, Alqi Bllako dhe nj\u00eb dyzin\u00eb zyrtar\u00ebsh q\u00eb kan\u00eb kryer rolin e an\u00ebtar\u00ebve t\u00eb Komisionit t\u00eb Koncensioneve p\u00ebr incenerator\u00ebt e Elbasanit dhe Fierit jan\u00eb tashm\u00eb n\u00eb pranga. Gjith\u00ebsesi, Struktura e Posa\u00e7me Anti-Korrupsion [&hellip;]<\/p>\n","protected":false},"author":2020,"featured_media":248747,"comment_status":"closed","ping_status":"closed","sticky":false,"template":"","format":"standard","meta":{"footnotes":""},"categories":[241,5380,231],"tags":[],"class_list":{"0":"post-248746","1":"post","2":"type-post","3":"status-publish","4":"format-standard","5":"has-post-thumbnail","7":"category-aktualitet","8":"category-kryesore","9":"category-lajme"},"_links":{"self":[{"href":"https:\/\/zjarr.tv\/sq\/wp-json\/wp\/v2\/posts\/248746","targetHints":{"allow":["GET"]}}],"collection":[{"href":"https:\/\/zjarr.tv\/sq\/wp-json\/wp\/v2\/posts"}],"about":[{"href":"https:\/\/zjarr.tv\/sq\/wp-json\/wp\/v2\/types\/post"}],"author":[{"embeddable":true,"href":"https:\/\/zjarr.tv\/sq\/wp-json\/wp\/v2\/users\/2020"}],"replies":[{"embeddable":true,"href":"https:\/\/zjarr.tv\/sq\/wp-json\/wp\/v2\/comments?post=248746"}],"version-history":[{"count":0,"href":"https:\/\/zjarr.tv\/sq\/wp-json\/wp\/v2\/posts\/248746\/revisions"}],"wp:featuredmedia":[{"embeddable":true,"href":"https:\/\/zjarr.tv\/sq\/wp-json\/wp\/v2\/media\/248747"}],"wp:attachment":[{"href":"https:\/\/zjarr.tv\/sq\/wp-json\/wp\/v2\/media?parent=248746"}],"wp:term":[{"taxonomy":"category","embeddable":true,"href":"https:\/\/zjarr.tv\/sq\/wp-json\/wp\/v2\/categories?post=248746"},{"taxonomy":"post_tag","embeddable":true,"href":"https:\/\/zjarr.tv\/sq\/wp-json\/wp\/v2\/tags?post=248746"}],"curies":[{"name":"wp","href":"https:\/\/api.w.org\/{rel}","templated":true}]}}