{"id":248749,"date":"2022-04-04T13:21:43","date_gmt":"2022-04-04T11:21:43","guid":{"rendered":"https:\/\/zjarr.tv\/?p=248749"},"modified":"2022-04-04T17:28:46","modified_gmt":"2022-04-04T15:28:46","slug":"yuri-kim-largohet-nga-kryesia-takimi-me-lindita-nikollen-zgjati-20-minuta-u-diskutua-per-emrin-e-presidentit-te-ri","status":"publish","type":"post","link":"https:\/\/zjarr.tv\/sq\/yuri-kim-largohet-nga-kryesia-takimi-me-lindita-nikollen-zgjati-20-minuta-u-diskutua-per-emrin-e-presidentit-te-ri\/","title":{"rendered":"Yuri Kim largohet nga Kryesia, takimi me Lindita Nikoll\u00ebn zgjati 20 minuta, u diskutua p\u00ebr emrin e presidentit t\u00eb ri"},"content":{"rendered":"<p>Ka p\u00ebrfunduar takimi mes ambasadores amerikane Yuri Kim dhe kryeparlamentares Lindita Nikoll\u00ebs n\u00eb kryesin\u00eb e Kuvendit.<\/p>\n<p>Takimi zgjati rreth 20 minuta dhe burime t\u00eb \u201cFax Ne\u00ebs\u201d b\u00ebjn\u00eb me dije se ky takim u zhvillua n\u00eb\u00a0 kuad\u00ebr t\u00eb nisjes s\u00eb procedurave p\u00ebr zgjedhjen e presidentit t\u00eb ri dhe negociatat mes mazhoranc\u00ebs dhe opozit\u00ebs.<\/p>\n<p>Jav\u00ebn q\u00eb vjen mblidhet konferenca e kryetar\u00ebve p\u00ebr caktimin e kalendarit t\u00eb nisjes s\u00eb procedurave p\u00ebr presidentin e ri.<\/p>\n","protected":false},"excerpt":{"rendered":"<p>Ka p\u00ebrfunduar takimi mes ambasadores amerikane Yuri Kim dhe kryeparlamentares Lindita Nikoll\u00ebs n\u00eb kryesin\u00eb e Kuvendit. Takimi zgjati rreth 20 minuta dhe burime t\u00eb \u201cFax Ne\u00ebs\u201d b\u00ebjn\u00eb me dije se ky takim u zhvillua n\u00eb\u00a0 kuad\u00ebr t\u00eb nisjes s\u00eb procedurave p\u00ebr zgjedhjen e presidentit t\u00eb ri dhe negociatat mes mazhoranc\u00ebs dhe opozit\u00ebs. Jav\u00ebn q\u00eb vjen [&hellip;]<\/p>\n","protected":false},"author":2020,"featured_media":248750,"comment_status":"closed","ping_status":"closed","sticky":false,"template":"","format":"standard","meta":{"footnotes":""},"categories":[241,5380,231],"tags":[],"class_list":{"0":"post-248749","1":"post","2":"type-post","3":"status-publish","4":"format-standard","5":"has-post-thumbnail","7":"category-aktualitet","8":"category-kryesore","9":"category-lajme"},"_links":{"self":[{"href":"https:\/\/zjarr.tv\/sq\/wp-json\/wp\/v2\/posts\/248749","targetHints":{"allow":["GET"]}}],"collection":[{"href":"https:\/\/zjarr.tv\/sq\/wp-json\/wp\/v2\/posts"}],"about":[{"href":"https:\/\/zjarr.tv\/sq\/wp-json\/wp\/v2\/types\/post"}],"author":[{"embeddable":true,"href":"https:\/\/zjarr.tv\/sq\/wp-json\/wp\/v2\/users\/2020"}],"replies":[{"embeddable":true,"href":"https:\/\/zjarr.tv\/sq\/wp-json\/wp\/v2\/comments?post=248749"}],"version-history":[{"count":0,"href":"https:\/\/zjarr.tv\/sq\/wp-json\/wp\/v2\/posts\/248749\/revisions"}],"wp:featuredmedia":[{"embeddable":true,"href":"https:\/\/zjarr.tv\/sq\/wp-json\/wp\/v2\/media\/248750"}],"wp:attachment":[{"href":"https:\/\/zjarr.tv\/sq\/wp-json\/wp\/v2\/media?parent=248749"}],"wp:term":[{"taxonomy":"category","embeddable":true,"href":"https:\/\/zjarr.tv\/sq\/wp-json\/wp\/v2\/categories?post=248749"},{"taxonomy":"post_tag","embeddable":true,"href":"https:\/\/zjarr.tv\/sq\/wp-json\/wp\/v2\/tags?post=248749"}],"curies":[{"name":"wp","href":"https:\/\/api.w.org\/{rel}","templated":true}]}}