{"id":248899,"date":"2022-04-04T18:56:01","date_gmt":"2022-04-04T16:56:01","guid":{"rendered":"https:\/\/zjarr.tv\/?p=248899"},"modified":"2022-04-04T18:56:01","modified_gmt":"2022-04-04T16:56:01","slug":"alibeaj-ankimoi-vendimin-e-dhene-per-11-dhjetorin-reagon-komisioni-i-rithemelimit-askush-nuk-mund-te-marre-vendime-ne-emrin-e-pd-se","status":"publish","type":"post","link":"https:\/\/zjarr.tv\/sq\/alibeaj-ankimoi-vendimin-e-dhene-per-11-dhjetorin-reagon-komisioni-i-rithemelimit-askush-nuk-mund-te-marre-vendime-ne-emrin-e-pd-se\/","title":{"rendered":"Alibeaj ankimoi vendimin e dh\u00ebn\u00eb p\u00ebr 11 dhjetorin, reagon Komisioni i Rithemelimit: Askush nuk mund t\u00eb marr\u00eb vendime n\u00eb emrin e PD-s\u00eb"},"content":{"rendered":"<p>Pas lajmit se kryetari i grupit parlamentar t\u00eb PD, ka ankimuarvendimin e gjykat\u00ebs s\u00eb Tiran\u00ebs t\u00eb dh\u00ebn\u00eb p\u00ebr njohjen e kuvendit t\u00eb 11 dhjetorit, ka reaguar edhe grupimi i Berish\u00ebs (Komisioni i Rithemelimit).<\/p>\n<p>N\u00eb deklarat\u00ebn e b\u00ebr\u00eb, thuhet se Alibeaj \u00ebsht\u00eb i shkarkuar nga posti i n\u00ebnkryetarit, bazuar n\u00eb vendimet e kuvendit t\u00eb 11 dhjetorit, duke shtuar m\u00eb tej se nj\u00eb deklarat\u00eb e till\u00eb nuk p\u00ebrfaq\u00ebsonte partin\u00eb Demokratike apo grupin parlamentar t\u00eb PD.<\/p>\n<p>DEKLARAT\u00cb E PARTIS\u00cb DEMOKRATIKE<\/p>\n<p>Nga mediat jemi v\u00ebn\u00eb n\u00eb dijeni q\u00eb n\u00ebn emrin e Partis\u00eb Demokratike \u00ebsht\u00eb paraqitur nj\u00eb k\u00ebrkes\u00eb ankimore kund\u00ebr vendimit nr.1346\/222 dt.25.03.2022 t\u00eb Gjykat\u00ebs s\u00eb Rrethit Gjyq\u00ebsor Tiran\u00eb n\u00ebnshkruar nga Enkeled Alibeaj.<\/p>\n<p>S\u00eb pari, sqarojm\u00eb se askush nuk mund t\u00eb nd\u00ebrmarr\u00eb veprime n\u00eb em\u00ebr t\u00eb Partis\u00eb Demokratike. Kuvendi Komb\u00ebtar i PD dt.11 dhjetor 2021, ka mandatuar si t\u00eb vetmin organ drejtues t\u00eb Partis\u00eb Demokratike Komisionin e Rithemelimit t\u00eb Partis\u00eb. Gjithashtu, Kuvendi ka shkarkuar Z. Alibeaj si n\u00ebnkryetar i Partis\u00eb Demokratike. Pra, nuk p\u00ebrfaq\u00ebson PD n\u00eb asnj\u00eb marr\u00ebdh\u00ebnie me t\u00eb tret\u00ebt.<\/p>\n<p>S\u00eb dyti, p\u00ebrsa i takon k\u00ebrkes\u00ebs ankimore, ajo \u00ebsht\u00eb paraqitur nga persona t\u00eb palegjitimuar t\u00eb b\u00ebjn\u00eb ankim kund\u00ebr vendimit t\u00eb m\u00ebsip\u00ebrm t\u00eb gjykat\u00ebs.<\/p>\n<p>Kodi i Procedur\u00ebs Civile p\u00ebrcakton:<\/p>\n<p>Neni 442\/a<\/p>\n<p>Ankimi<\/p>\n<p>\u201cAnkimi \u00ebsht\u00eb akti me t\u00eb cilin pal\u00ebt ose pjes\u00ebmarr\u00ebsit e tjer\u00eb n\u00eb proces parashtrojn\u00eb kund\u00ebrshtimet e tyre ndaj vendimit t\u00eb gjykat\u00ebs dhe veprimeve t\u00eb p\u00ebrmbaruesit gjyq\u00ebsor, p\u00ebr t\u00eb mbrojtur t\u00eb drejtat dhe interesat e tyre\u201d<\/p>\n<p>Pra, vet\u00ebm pal\u00ebt ose pjes\u00ebmarr\u00ebsit e tjer\u00eb n\u00eb pro\u00e7es mund t\u00eb b\u00ebjn\u00eb ankim. Askush tjet\u00ebr.<\/p>\n<p>Me \u201cpal\u00eb\u201c kuptohet i padituri dhe personi i tret\u00eb.<\/p>\n<p>Me \u201cpjesmarr\u00ebs te tjer\u00eb\u201d kuptohet Avokati i Shtetit, i Popullit ose Prokurori at\u00ebher\u00eb kur ligji ua detyron pjes\u00ebmarrjen n\u00eb nj\u00eb proces civil.<\/p>\n<p>Ankimuesi, n\u00eb k\u00ebt\u00eb rast, nuk ka qen\u00eb as pal\u00eb e as pjes\u00ebmarr\u00ebs n\u00eb pro\u00e7es dhe nuk plot\u00ebson asnj\u00eb nga kriteret legjitimues p\u00ebr tu ankuar.<\/p>\n<p>Ky gjykim \u00ebsht\u00eb zhvilluar komform pro\u00e7edures pa t\u00eb paditur, pa persona t\u00eb tret\u00eb dhe pa asnj\u00eb pjesmarr\u00ebs tjet\u00ebr. Vetem me \u201ck\u00ebrkues\u201d Komisionin e Rithemelimit t\u00eb PD. Nj\u00eblloj si n\u00eb t\u00eb gjitha rastet e tjera t\u00eb k\u00ebtij tip procesi.<\/p>\n<p>N\u00eb k\u00ebto kushte, Sekretaria e Gjykat\u00ebs ku \u00ebsht\u00eb paraqitur k\u00ebrkesa ka detyrimin tua kthej\u00eb mbrapsht at\u00eb komform kritereve t\u00eb Kodit t\u00eb Pro\u00e7edur\u00ebs Civile.<\/p>\n<p>S\u00eb fundmi, PD denoncon aktin Basha \u2013 Alibeaj si p\u00ebrpjekje e d\u00ebshp\u00ebruar e Edi Ram\u00ebs p\u00ebr t\u00eb mbajtur peng vul\u00ebn e PD kund\u00ebr vullnetit t\u00eb shumic\u00ebs s\u00eb demokrat\u00ebve t\u00eb shprehur qart\u00eb n\u00eb kuvendin e tyre m\u00eb 11 Dhjetor 2021 dhe t\u00eb \u00e7ertifikuar n\u00eb kutit\u00eb e votimit m\u00eb dt. 6 mars 2022.<\/p>\n","protected":false},"excerpt":{"rendered":"<p>Pas lajmit se kryetari i grupit parlamentar t\u00eb PD, ka ankimuarvendimin e gjykat\u00ebs s\u00eb Tiran\u00ebs t\u00eb dh\u00ebn\u00eb p\u00ebr njohjen e kuvendit t\u00eb 11 dhjetorit, ka reaguar edhe grupimi i Berish\u00ebs (Komisioni i Rithemelimit). N\u00eb deklarat\u00ebn e b\u00ebr\u00eb, thuhet se Alibeaj \u00ebsht\u00eb i shkarkuar nga posti i n\u00ebnkryetarit, bazuar n\u00eb vendimet e kuvendit t\u00eb 11 dhjetorit, [&hellip;]<\/p>\n","protected":false},"author":2030,"featured_media":248900,"comment_status":"closed","ping_status":"closed","sticky":false,"template":"","format":"standard","meta":{"footnotes":""},"categories":[241,3366,5380,231,1454],"tags":[],"class_list":{"0":"post-248899","1":"post","2":"type-post","3":"status-publish","4":"format-standard","5":"has-post-thumbnail","7":"category-aktualitet","8":"category-koment","9":"category-kryesore","10":"category-lajme","11":"category-politike"},"_links":{"self":[{"href":"https:\/\/zjarr.tv\/sq\/wp-json\/wp\/v2\/posts\/248899","targetHints":{"allow":["GET"]}}],"collection":[{"href":"https:\/\/zjarr.tv\/sq\/wp-json\/wp\/v2\/posts"}],"about":[{"href":"https:\/\/zjarr.tv\/sq\/wp-json\/wp\/v2\/types\/post"}],"author":[{"embeddable":true,"href":"https:\/\/zjarr.tv\/sq\/wp-json\/wp\/v2\/users\/2030"}],"replies":[{"embeddable":true,"href":"https:\/\/zjarr.tv\/sq\/wp-json\/wp\/v2\/comments?post=248899"}],"version-history":[{"count":0,"href":"https:\/\/zjarr.tv\/sq\/wp-json\/wp\/v2\/posts\/248899\/revisions"}],"wp:featuredmedia":[{"embeddable":true,"href":"https:\/\/zjarr.tv\/sq\/wp-json\/wp\/v2\/media\/248900"}],"wp:attachment":[{"href":"https:\/\/zjarr.tv\/sq\/wp-json\/wp\/v2\/media?parent=248899"}],"wp:term":[{"taxonomy":"category","embeddable":true,"href":"https:\/\/zjarr.tv\/sq\/wp-json\/wp\/v2\/categories?post=248899"},{"taxonomy":"post_tag","embeddable":true,"href":"https:\/\/zjarr.tv\/sq\/wp-json\/wp\/v2\/tags?post=248899"}],"curies":[{"name":"wp","href":"https:\/\/api.w.org\/{rel}","templated":true}]}}