{"id":248907,"date":"2022-04-04T19:01:32","date_gmt":"2022-04-04T17:01:32","guid":{"rendered":"https:\/\/zjarr.tv\/?p=248907"},"modified":"2022-04-04T19:01:32","modified_gmt":"2022-04-04T17:01:32","slug":"ka-marre-fund-artan-fuga-ben-deklaraten-e-forte","status":"publish","type":"post","link":"https:\/\/zjarr.tv\/sq\/ka-marre-fund-artan-fuga-ben-deklaraten-e-forte\/","title":{"rendered":"\u201cKa marr\u00eb fund\u201d Artan Fuga b\u00ebn deklarat\u00ebn e fort\u00eb"},"content":{"rendered":"<p>Profesori Artan Fuga ka folur dit\u00ebn e sotme n\u00eb emisionin \u2018Opinion\u2019 p\u00ebr rritjen e \u00e7mimeve dhe vendimet e qeveris\u00eb p\u00ebr t\u00eb nd\u00ebrhyr\u00eb n\u00ebp\u00ebrmjet ngritjes s\u00eb Bordit t\u00eb Transparenc\u00ebs.<\/p>\n<p>Gjat\u00eb k\u00ebsaj intervist\u00eb, Fuga u shpreh se qeveria p\u00ebrpiqet t\u00eb menaxhoj\u00eb situat\u00ebn, por jo n\u00eb nivel afatgjat\u00eb, por synimi \u00ebsht\u00eb thjesht si t\u00eb dal\u00eb nga kjo situat\u00eb.<\/p>\n<p>Sa i p\u00ebrket protestave, Fuga tha se jan\u00eb nj\u00eb form\u00eb q\u00eb kan\u00eb treguar se jan\u00eb forma t\u00eb tejkaluara.<\/p>\n<p>\u201cV\u00eb re q\u00eb disa persona q\u00eb kan\u00eb kompetenc\u00eb n\u00eb fush\u00ebn e ekonomis\u00eb konsiderojn\u00eb sikur p\u00ebr kriz\u00ebn mund t\u00eb flasin vet\u00ebm ekonomist\u00ebt, dhe k\u00ebtu ka nj\u00eb keqkuptim. Nuk konsiderohet q\u00eb n\u00eb nj\u00eb fush\u00eb pot \u00eb kesh diplom\u00eb aty mund t\u00eb drejtohesh dhe t\u00eb mos p\u00ebrfshihesh n\u00eb fusha t\u00eb tjera. Un\u00eb ndaj dy gj\u00ebra, nj\u00eb q\u00eb un\u00eb pranon q\u00eb n\u00ebse furnizimet me gaz dhe karburant kryesisht me naft\u00eb jan\u00eb b\u00ebr\u00eb m\u00eb t\u00eb v\u00ebshtira n\u00eb Europ\u00eb p\u00ebr shkak t\u00eb luft\u00ebs n\u00eb Ukrain\u00eb, sigurisht kjo n\u00eb nj\u00ebfar\u00eb mase do t\u00eb reflektohet edhe n\u00eb Shqip\u00ebri. Rritja e \u00e7mimeve n\u00eb tregje nd\u00ebrkomb\u00ebtare dhe modeli ekonomik shqiptar e p\u00ebrs\u00ebris se \u00ebsht\u00eb i till\u00eb i cili e ashp\u00ebrson kriz\u00ebn. Modeli i shk\u00ebmbimeve me jasht\u00eb po ta shohim kemi po at\u00eb model q\u00eb kemi pasur, pra nga jasht\u00eb ne marrim t\u00eb gjitha ato produkte baz\u00eb me nj\u00eb \u00e7mim t\u00eb lart\u00eb dhe ajo q\u00eb eksportojm\u00eb ta z\u00ebm\u00eb jan\u00eb produkte t\u00eb tjera t\u00eb pap\u00ebrpunuara. Ne kemi rr\u00ebzuar industrin\u00eb e p\u00ebrpunimit t\u00eb metaleve dhe kemi nj\u00eb sektor t\u00eb nxjerrjes s\u00eb naft\u00ebs q\u00eb \u00ebsht\u00eb i prapambetur\u2026Pra kemi nj\u00eb treg t\u00eb parregulluar , nj\u00eb treg t\u00eb panormalizuar. Sot shqiptari me t\u00eb ardhura m\u00eb t\u00eb ul\u00ebta se nj\u00eb europian \u00ebsht\u00eb i detyruar t\u00eb p\u00ebrballoj\u00eb \u00e7mimet shum\u00eb m\u00eb t\u00eb larta se n\u00eb tregjet jasht\u00eb. Kjo nuk \u00ebsht\u00eb nj\u00eb politik\u00eb q\u00eb rregullohet brenda dit\u00ebs por logjika duhet t\u00eb t\u00eb \u00e7oj\u00eb k\u00ebtu dhe jo tek lufta n\u00eb Ukrain\u00eb. Un\u00eb nuk jam n\u00eb gjendje t\u00eb them q\u00eb \u00e7mimi sot \u00ebsht\u00eb i drejt\u00eb apo i padrejt\u00eb\u2026Nj\u00eb \u00e7mim i drejt\u00eb vjen nga ekuilibri mes k\u00ebrkes\u00ebs dhe ofert\u00ebs,. Pra n\u00ebse shteti cakton nj\u00eb \u00e7mim mund t\u2019i leverdis\u00eb shtetit por jo edhe konsumatorit. N\u00eb momentin q\u00eb shteti futet p\u00ebr t\u00eb caktuar \u00e7mimet ka marr\u00eb fund tregu dhe jemi n\u00eb at\u00eb q\u00eb quhet kapitaliz\u00ebm shtet\u00ebror\u2026N\u00eb momentin q\u00eb ne si konsumator t\u00eb karburanteve por edhe tregtar\u00ebt jan\u00eb n\u00eb diktatin e \u00e7mimit t\u00eb caktuar\u2026Un\u00eb shoh q\u00eb 50% minimumi i qarkullimit t\u00eb veturave ka r\u00ebn\u00eb. Prodhuesi i vog\u00ebl reziston shum\u00eb m\u00eb fort se tregtari i madh ndaj krizave\u2026Sot po del n\u00eb pah di\u00e7ka q\u00eb \u00ebsht\u00eb prezente prej vitesh, biznesi i madh n\u00eb Shqip\u00ebri po humb klientin dhe duke humbur klientin keni prishur tregun dhe duke prishur tregun nuk keni se kujt i drejtoheni p\u00ebr shkak se k\u00ebrkesa ka r\u00ebn\u00eb\u2026tani faza e par\u00eb ishte kur kishim prodhimet dhe sh\u00ebrbimet e vogla, faza e dyt\u00eb kur lind\u00ebn biznese t\u00eb kontrolluara n\u00eb m\u00ebnyr\u00eb monopoliste, faza e tret\u00eb \u00ebsht\u00eb till\u00eb kur shqiptari varf\u00ebrohet dhe nj\u00eb pjes\u00eb e kapitalit pasurohet dhe k\u00ebtu fillon nj\u00eb kriz\u00eb dhe zgjidhja jan\u00eb PPP. Pra n\u00eb momentin kur b\u00ebhen k\u00ebto PPP dhe jepen atyre q\u00eb quhet investues strategjik\u00eb llokma t\u00eb m\u00ebdha, ata na marrin para me forc\u00ebn e ligjit\u2026\u201d, tha nd\u00ebr t\u00eb tjera akademiku Fuga.<\/p>\n","protected":false},"excerpt":{"rendered":"<p>Profesori Artan Fuga ka folur dit\u00ebn e sotme n\u00eb emisionin \u2018Opinion\u2019 p\u00ebr rritjen e \u00e7mimeve dhe vendimet e qeveris\u00eb p\u00ebr t\u00eb nd\u00ebrhyr\u00eb n\u00ebp\u00ebrmjet ngritjes s\u00eb Bordit t\u00eb Transparenc\u00ebs. Gjat\u00eb k\u00ebsaj intervist\u00eb, Fuga u shpreh se qeveria p\u00ebrpiqet t\u00eb menaxhoj\u00eb situat\u00ebn, por jo n\u00eb nivel afatgjat\u00eb, por synimi \u00ebsht\u00eb thjesht si t\u00eb dal\u00eb nga kjo situat\u00eb. [&hellip;]<\/p>\n","protected":false},"author":2030,"featured_media":248908,"comment_status":"closed","ping_status":"closed","sticky":false,"template":"","format":"standard","meta":{"footnotes":""},"categories":[241,3366],"tags":[],"class_list":{"0":"post-248907","1":"post","2":"type-post","3":"status-publish","4":"format-standard","5":"has-post-thumbnail","7":"category-aktualitet","8":"category-koment"},"_links":{"self":[{"href":"https:\/\/zjarr.tv\/sq\/wp-json\/wp\/v2\/posts\/248907","targetHints":{"allow":["GET"]}}],"collection":[{"href":"https:\/\/zjarr.tv\/sq\/wp-json\/wp\/v2\/posts"}],"about":[{"href":"https:\/\/zjarr.tv\/sq\/wp-json\/wp\/v2\/types\/post"}],"author":[{"embeddable":true,"href":"https:\/\/zjarr.tv\/sq\/wp-json\/wp\/v2\/users\/2030"}],"replies":[{"embeddable":true,"href":"https:\/\/zjarr.tv\/sq\/wp-json\/wp\/v2\/comments?post=248907"}],"version-history":[{"count":0,"href":"https:\/\/zjarr.tv\/sq\/wp-json\/wp\/v2\/posts\/248907\/revisions"}],"wp:featuredmedia":[{"embeddable":true,"href":"https:\/\/zjarr.tv\/sq\/wp-json\/wp\/v2\/media\/248908"}],"wp:attachment":[{"href":"https:\/\/zjarr.tv\/sq\/wp-json\/wp\/v2\/media?parent=248907"}],"wp:term":[{"taxonomy":"category","embeddable":true,"href":"https:\/\/zjarr.tv\/sq\/wp-json\/wp\/v2\/categories?post=248907"},{"taxonomy":"post_tag","embeddable":true,"href":"https:\/\/zjarr.tv\/sq\/wp-json\/wp\/v2\/tags?post=248907"}],"curies":[{"name":"wp","href":"https:\/\/api.w.org\/{rel}","templated":true}]}}