{"id":248920,"date":"2022-04-04T21:22:42","date_gmt":"2022-04-04T19:22:42","guid":{"rendered":"https:\/\/zjarr.tv\/?p=248920"},"modified":"2022-04-04T21:22:42","modified_gmt":"2022-04-04T19:22:42","slug":"presidenti-i-ri-patozi-opozita-nuk-ka-asnje-mundesi-debati-ne-pd-i-shterpe","status":"publish","type":"post","link":"https:\/\/zjarr.tv\/sq\/presidenti-i-ri-patozi-opozita-nuk-ka-asnje-mundesi-debati-ne-pd-i-shterpe\/","title":{"rendered":"Presidenti i ri, Patozi: Opozita nuk ka asnj\u00eb mund\u00ebsi, debati n\u00eb PD i shterp\u00eb"},"content":{"rendered":"<p>Ish-drejtuesi i Bindjes Demokratike, Astrit Patozi thot\u00eb se debati n\u00eb Partin\u00eb Demokratike p\u00ebr propozimin e presidentit t\u00eb ri, \u00ebsht\u00eb i shterp\u00eb dhe i shpikur nga Sali Berisha. <\/p>\n<p>Sipas Patozit, opozita nuk ka asnj\u00eb mund\u00ebsi dhe asnj\u00eb shans n\u00eb \u00e7\u00ebshtjen e zgjedhjes s\u00eb presidetit t\u00eb ri, pasi nuk ka kohezion brenda saj dhe nuk \u00ebsht\u00eb n\u00eb nj\u00eb klim\u00eb t\u00eb qet\u00eb.<\/p>\n<p>Opozita nuk ka asnj\u00eb mund\u00ebsi, dhe asnj\u00eb shans. Mund ta kishte presidentin n\u00eb nj\u00eb klim\u00eb t\u00eb qet\u00eb politike, n\u00ebse do t\u00eb ishte n\u00eb kohezion, q\u00eb nuk \u00ebsht\u00eb rasti. N\u00eb k\u00ebt\u00eb kontekst, i gjith\u00eb debati q\u00eb b\u00ebhet p\u00ebr presidentin \u00ebsht\u00eb shterp\u00eb. Sali Berisha e ka shpikur k\u00ebt\u00eb, por s\u2019\u00ebsht\u00eb ftuar as Alibeaj. Sepse PS ka p\u00ebr detyrim t\u00eb ftoj\u00eb opozit\u00ebn me letra\u201d, u shpreh Patozi n\u00eb \u201cAbcNews\u201d<\/p>\n","protected":false},"excerpt":{"rendered":"<p>Ish-drejtuesi i Bindjes Demokratike, Astrit Patozi thot\u00eb se debati n\u00eb Partin\u00eb Demokratike p\u00ebr propozimin e presidentit t\u00eb ri, \u00ebsht\u00eb i shterp\u00eb dhe i shpikur nga Sali Berisha. Sipas Patozit, opozita nuk ka asnj\u00eb mund\u00ebsi dhe asnj\u00eb shans n\u00eb \u00e7\u00ebshtjen e zgjedhjes s\u00eb presidetit t\u00eb ri, pasi nuk ka kohezion brenda saj dhe nuk \u00ebsht\u00eb n\u00eb [&hellip;]<\/p>\n","protected":false},"author":2031,"featured_media":206233,"comment_status":"closed","ping_status":"closed","sticky":false,"template":"","format":"standard","meta":{"footnotes":""},"categories":[231],"tags":[],"class_list":{"0":"post-248920","1":"post","2":"type-post","3":"status-publish","4":"format-standard","5":"has-post-thumbnail","7":"category-lajme"},"_links":{"self":[{"href":"https:\/\/zjarr.tv\/sq\/wp-json\/wp\/v2\/posts\/248920","targetHints":{"allow":["GET"]}}],"collection":[{"href":"https:\/\/zjarr.tv\/sq\/wp-json\/wp\/v2\/posts"}],"about":[{"href":"https:\/\/zjarr.tv\/sq\/wp-json\/wp\/v2\/types\/post"}],"author":[{"embeddable":true,"href":"https:\/\/zjarr.tv\/sq\/wp-json\/wp\/v2\/users\/2031"}],"replies":[{"embeddable":true,"href":"https:\/\/zjarr.tv\/sq\/wp-json\/wp\/v2\/comments?post=248920"}],"version-history":[{"count":0,"href":"https:\/\/zjarr.tv\/sq\/wp-json\/wp\/v2\/posts\/248920\/revisions"}],"wp:featuredmedia":[{"embeddable":true,"href":"https:\/\/zjarr.tv\/sq\/wp-json\/wp\/v2\/media\/206233"}],"wp:attachment":[{"href":"https:\/\/zjarr.tv\/sq\/wp-json\/wp\/v2\/media?parent=248920"}],"wp:term":[{"taxonomy":"category","embeddable":true,"href":"https:\/\/zjarr.tv\/sq\/wp-json\/wp\/v2\/categories?post=248920"},{"taxonomy":"post_tag","embeddable":true,"href":"https:\/\/zjarr.tv\/sq\/wp-json\/wp\/v2\/tags?post=248920"}],"curies":[{"name":"wp","href":"https:\/\/api.w.org\/{rel}","templated":true}]}}