{"id":248922,"date":"2022-04-04T21:24:18","date_gmt":"2022-04-04T19:24:18","guid":{"rendered":"https:\/\/zjarr.tv\/?p=248922"},"modified":"2022-04-04T21:24:18","modified_gmt":"2022-04-04T19:24:18","slug":"fevziu-tregon-tezen-e-tij-pd-ja-mund-te-mos-ekzistoje-me-kur-te-mos-jete-sali-berisha","status":"publish","type":"post","link":"https:\/\/zjarr.tv\/sq\/fevziu-tregon-tezen-e-tij-pd-ja-mund-te-mos-ekzistoje-me-kur-te-mos-jete-sali-berisha\/","title":{"rendered":"Fevziu tregon tez\u00ebn e tij: PD-ja mund t\u00eb mos ekzistoj\u00eb m\u00eb, kur t\u00eb mos jet\u00eb Sali Berisha"},"content":{"rendered":"<p>Gazetari i njohur Blendi Fevziu thot\u00eb se nj\u00eb kryeminist\u00ebr \u201cnon-grata\u201d do t\u00eb ishte problem p\u00ebr vendin, por ai shprehet se n\u00ebse ish-kryeministri Sali Berisha i fiton zgjedhjet, at\u00ebher\u00eb \u201cs\u2019ke \u00e7far\u00eb t\u00eb thuash\u201d. <\/p>\n<p>\u201cNj\u00eb kryeminist\u00ebr i shpallur non-grata do t\u00eb ishte problem. Por problemi \u00ebsht\u00eb n\u00ebse fiton zgjedhjet, \u00e7\u2019mund t\u00eb t\u00eb them p\u00ebr k\u00ebt\u00eb n\u00ebse fiton zgjedhjet\u201d, tha Fevziu. <\/p>\n<p>I pyetur n\u00eb lidhje me situat\u00ebn n\u00eb Partin\u00eb Demokratike, Fevziu zbuloi nj\u00eb tez\u00eb t\u00eb tij\u00ebn, sipas s\u00eb cil\u00ebs kjo forc\u00eb politike rrezikon ekzistenc\u00ebn, n\u00ebse n\u00eb nj\u00eb t\u00eb ardhme nuk do t\u00eb jet\u00eb m\u00eb Berisha. <\/p>\n<p>\u201cUn\u00eb nuk e di \u00e7\u2019mund t\u00eb b\u00ebj\u00eb Berisha dhe \u00e7far\u00eb tezash mund t\u00eb ket\u00eb. Un\u00eb kam nj\u00eb tez\u00eb q\u00eb ekziston nj\u00eb rrezik shum\u00eb i madh, gjith\u00eb kjo situat\u00eb, gjith\u00eb produkti i k\u00ebtyre viteve, kjo frym\u00eb p\u00ebr\u00e7arjesh, njer\u00ebz q\u00eb vijn\u00eb si talente dhe dilnin qesharak\u00eb, p\u00ebrplasja, ekziston nj\u00eb rrezik shum\u00eb i madh. Kjo PD u rikonfirmua p\u00ebr shkak t\u00eb karizm\u00ebs s\u00eb Berish\u00ebs, por kur t\u00eb mos jet\u00eb m\u00eb Berisha, kjo parti mund t\u00eb mos ekzistoj\u00eb m\u00eb fare\u201d, tha Fevziu n\u00eb emisionin \u201cT\u00eb Paekspozuarit\u201d.<\/p>\n","protected":false},"excerpt":{"rendered":"<p>Gazetari i njohur Blendi Fevziu thot\u00eb se nj\u00eb kryeminist\u00ebr \u201cnon-grata\u201d do t\u00eb ishte problem p\u00ebr vendin, por ai shprehet se n\u00ebse ish-kryeministri Sali Berisha i fiton zgjedhjet, at\u00ebher\u00eb \u201cs\u2019ke \u00e7far\u00eb t\u00eb thuash\u201d. \u201cNj\u00eb kryeminist\u00ebr i shpallur non-grata do t\u00eb ishte problem. Por problemi \u00ebsht\u00eb n\u00ebse fiton zgjedhjet, \u00e7\u2019mund t\u00eb t\u00eb them p\u00ebr k\u00ebt\u00eb n\u00ebse fiton [&hellip;]<\/p>\n","protected":false},"author":2031,"featured_media":230756,"comment_status":"closed","ping_status":"closed","sticky":false,"template":"","format":"standard","meta":{"footnotes":""},"categories":[241,231,235],"tags":[],"class_list":{"0":"post-248922","1":"post","2":"type-post","3":"status-publish","4":"format-standard","5":"has-post-thumbnail","7":"category-aktualitet","8":"category-lajme","9":"category-vendi"},"_links":{"self":[{"href":"https:\/\/zjarr.tv\/sq\/wp-json\/wp\/v2\/posts\/248922","targetHints":{"allow":["GET"]}}],"collection":[{"href":"https:\/\/zjarr.tv\/sq\/wp-json\/wp\/v2\/posts"}],"about":[{"href":"https:\/\/zjarr.tv\/sq\/wp-json\/wp\/v2\/types\/post"}],"author":[{"embeddable":true,"href":"https:\/\/zjarr.tv\/sq\/wp-json\/wp\/v2\/users\/2031"}],"replies":[{"embeddable":true,"href":"https:\/\/zjarr.tv\/sq\/wp-json\/wp\/v2\/comments?post=248922"}],"version-history":[{"count":0,"href":"https:\/\/zjarr.tv\/sq\/wp-json\/wp\/v2\/posts\/248922\/revisions"}],"wp:featuredmedia":[{"embeddable":true,"href":"https:\/\/zjarr.tv\/sq\/wp-json\/wp\/v2\/media\/230756"}],"wp:attachment":[{"href":"https:\/\/zjarr.tv\/sq\/wp-json\/wp\/v2\/media?parent=248922"}],"wp:term":[{"taxonomy":"category","embeddable":true,"href":"https:\/\/zjarr.tv\/sq\/wp-json\/wp\/v2\/categories?post=248922"},{"taxonomy":"post_tag","embeddable":true,"href":"https:\/\/zjarr.tv\/sq\/wp-json\/wp\/v2\/tags?post=248922"}],"curies":[{"name":"wp","href":"https:\/\/api.w.org\/{rel}","templated":true}]}}