{"id":249181,"date":"2022-04-05T19:10:05","date_gmt":"2022-04-05T17:10:05","guid":{"rendered":"https:\/\/zjarr.tv\/?p=249181"},"modified":"2022-04-05T19:10:05","modified_gmt":"2022-04-05T17:10:05","slug":"aldo-bumci-yuri-kim-smund-ti-caktoje-kryetarin-pd-se","status":"publish","type":"post","link":"https:\/\/zjarr.tv\/sq\/aldo-bumci-yuri-kim-smund-ti-caktoje-kryetarin-pd-se\/","title":{"rendered":"Aldo Bum\u00e7i: Yuri Kim s\u2019mund t\u2019i caktoj\u00eb kryetarin PD-s\u00eb"},"content":{"rendered":"<p>Ish-deputeti i PD-s\u00eb, Aldo Bum\u00e7i thot\u00eb se ambasadorja e SHBA-s\u00eb Yuri Kim nuk mund t\u00eb caktoj\u00eb se kush \u00ebsht\u00eb kryetari i Partis\u00eb Demokratike. Q\u00ebndrimi vjen pas nj\u00eb takimi q\u00eb Kim pati sot me Enkelejd Alibeajn, ku i\u2019u drejtua me p\u00ebrcaktimin si kryetar i komanduar i PD.<\/p>\n<p>\u201dNuk \u00ebsht\u00eb problem q\u00eb Yuri Kim takohet me Alibeajn, por \u00ebsht\u00eb problem q\u00eb e cil\u00ebson si t\u00eb komanduar. T\u2019i caktosh kryetarin opozit\u00ebs nuk \u00ebsht\u00eb aspak demokratike. Nuk ka opozita t\u00eb em\u00ebruar, por \u00ebsht\u00eb vullneti i lir\u00eb i qytetar\u00ebve q\u00eb e vendos nj\u00eb gj\u00eb t\u00eb till\u00eb.<\/p>\n<p>\u00c7do p\u00ebrpjekje tjet\u00ebr \u00ebsht\u00eb nj\u00eb mb\u00ebshtetje p\u00ebr Edi Ram\u00ebn. Yuri Kim ka mb\u00ebshtetur edhe Rudina Hajdarin. N\u00ebse do t\u00eb krijosh p\u00ebr\u00e7arje n\u00eb opozit\u00ebs, p\u00ebrfituesi \u00ebsht\u00eb vet\u00ebm Edi Rama\u201d.<\/p>\n","protected":false},"excerpt":{"rendered":"<p>Ish-deputeti i PD-s\u00eb, Aldo Bum\u00e7i thot\u00eb se ambasadorja e SHBA-s\u00eb Yuri Kim nuk mund t\u00eb caktoj\u00eb se kush \u00ebsht\u00eb kryetari i Partis\u00eb Demokratike. Q\u00ebndrimi vjen pas nj\u00eb takimi q\u00eb Kim pati sot me Enkelejd Alibeajn, ku i\u2019u drejtua me p\u00ebrcaktimin si kryetar i komanduar i PD. \u201dNuk \u00ebsht\u00eb problem q\u00eb Yuri Kim takohet me Alibeajn, [&hellip;]<\/p>\n","protected":false},"author":2030,"featured_media":249182,"comment_status":"closed","ping_status":"closed","sticky":false,"template":"","format":"standard","meta":{"footnotes":""},"categories":[241,3366,5380,231,1454],"tags":[],"class_list":{"0":"post-249181","1":"post","2":"type-post","3":"status-publish","4":"format-standard","5":"has-post-thumbnail","7":"category-aktualitet","8":"category-koment","9":"category-kryesore","10":"category-lajme","11":"category-politike"},"_links":{"self":[{"href":"https:\/\/zjarr.tv\/sq\/wp-json\/wp\/v2\/posts\/249181","targetHints":{"allow":["GET"]}}],"collection":[{"href":"https:\/\/zjarr.tv\/sq\/wp-json\/wp\/v2\/posts"}],"about":[{"href":"https:\/\/zjarr.tv\/sq\/wp-json\/wp\/v2\/types\/post"}],"author":[{"embeddable":true,"href":"https:\/\/zjarr.tv\/sq\/wp-json\/wp\/v2\/users\/2030"}],"replies":[{"embeddable":true,"href":"https:\/\/zjarr.tv\/sq\/wp-json\/wp\/v2\/comments?post=249181"}],"version-history":[{"count":0,"href":"https:\/\/zjarr.tv\/sq\/wp-json\/wp\/v2\/posts\/249181\/revisions"}],"wp:featuredmedia":[{"embeddable":true,"href":"https:\/\/zjarr.tv\/sq\/wp-json\/wp\/v2\/media\/249182"}],"wp:attachment":[{"href":"https:\/\/zjarr.tv\/sq\/wp-json\/wp\/v2\/media?parent=249181"}],"wp:term":[{"taxonomy":"category","embeddable":true,"href":"https:\/\/zjarr.tv\/sq\/wp-json\/wp\/v2\/categories?post=249181"},{"taxonomy":"post_tag","embeddable":true,"href":"https:\/\/zjarr.tv\/sq\/wp-json\/wp\/v2\/tags?post=249181"}],"curies":[{"name":"wp","href":"https:\/\/api.w.org\/{rel}","templated":true}]}}