{"id":249199,"date":"2022-04-05T21:42:32","date_gmt":"2022-04-05T19:42:32","guid":{"rendered":"https:\/\/zjarr.tv\/?p=249199"},"modified":"2022-04-05T21:42:32","modified_gmt":"2022-04-05T19:42:32","slug":"flamur-noka-shperthen-ndaj-bashes-une-di-shume-pazare-te-lulit-ska-dashur-kurre-te-behej-kryeminister","status":"publish","type":"post","link":"https:\/\/zjarr.tv\/sq\/flamur-noka-shperthen-ndaj-bashes-une-di-shume-pazare-te-lulit-ska-dashur-kurre-te-behej-kryeminister\/","title":{"rendered":"Flamur Noka \u201cshp\u00ebrthen\u201d ndaj Bash\u00ebs: Un\u00eb di shum\u00eb PAZARE t\u00eb Lulit, s\u2019ka dashur kurr\u00eb t\u00eb b\u00ebhej kryeminist\u00ebr"},"content":{"rendered":"<p>Deputeti demokrat, Flamur Noka ka akuzuar s\u00ebrish mbr\u00ebmjen e sotme ish kreun e PD-s\u00eb, Lulzimm Basha, duke th\u00ebn\u00eb se nuk ka dashur kurr\u00eb fitoren e Partis\u00eb Demokratike.\u00a0 <\/p>\n<p>Noka\u00a0u shpreh n\u00eb nj\u00eb intervist\u00eb n\u00eb \u201cSyri Tv\u201d se ai di shum\u00eb prej pazareve t\u00eb Bash\u00ebs, teksa shtoi se ish-kryedemokrati nuk ka dashur t\u00eb b\u00ebhej kryeminist\u00ebr. <\/p>\n<p>\u201cI kam kuptuar me koh\u00eb, kam refuzuar t\u00eb p\u00ebrfshihem n\u00eb list\u00ebn e deputet\u00ebve t\u00eb PD me firm\u00ebn e Lulzim Bash\u00ebs. Ka qen\u00eb nj\u00eb periudh\u00eb disa ditore negociatash dhe lutjesh nga Basha q\u00eb t\u00eb isha n\u00eb list\u00ebn e deputet\u00ebve t\u00eb tij. <\/p>\n<p>Di shum\u00eb pazare, kishte koh\u00eb q\u00eb po i fuste thik\u00ebn pas shpine PD-s\u00eb. Nuk kam pranuar. P\u00ebr hir t\u00eb demokrat\u00ebve q\u00eb mos t\u00eb d\u00ebmtohej fushata u futa n\u00eb lista. P\u00ebr Bash\u00ebn e dija q\u00eb ai nuk do kurr\u00eb fitoren. Ai nuk donte t\u00eb b\u00ebhej kurr\u00eb kryeminist\u00ebr\u201d, tha Noka.<\/p>\n","protected":false},"excerpt":{"rendered":"<p>Deputeti demokrat, Flamur Noka ka akuzuar s\u00ebrish mbr\u00ebmjen e sotme ish kreun e PD-s\u00eb, Lulzimm Basha, duke th\u00ebn\u00eb se nuk ka dashur kurr\u00eb fitoren e Partis\u00eb Demokratike.\u00a0 Noka\u00a0u shpreh n\u00eb nj\u00eb intervist\u00eb n\u00eb \u201cSyri Tv\u201d se ai di shum\u00eb prej pazareve t\u00eb Bash\u00ebs, teksa shtoi se ish-kryedemokrati nuk ka dashur t\u00eb b\u00ebhej kryeminist\u00ebr. \u201cI kam [&hellip;]<\/p>\n","protected":false},"author":2031,"featured_media":209316,"comment_status":"closed","ping_status":"closed","sticky":false,"template":"","format":"standard","meta":{"footnotes":""},"categories":[241,231,235],"tags":[],"class_list":{"0":"post-249199","1":"post","2":"type-post","3":"status-publish","4":"format-standard","5":"has-post-thumbnail","7":"category-aktualitet","8":"category-lajme","9":"category-vendi"},"_links":{"self":[{"href":"https:\/\/zjarr.tv\/sq\/wp-json\/wp\/v2\/posts\/249199","targetHints":{"allow":["GET"]}}],"collection":[{"href":"https:\/\/zjarr.tv\/sq\/wp-json\/wp\/v2\/posts"}],"about":[{"href":"https:\/\/zjarr.tv\/sq\/wp-json\/wp\/v2\/types\/post"}],"author":[{"embeddable":true,"href":"https:\/\/zjarr.tv\/sq\/wp-json\/wp\/v2\/users\/2031"}],"replies":[{"embeddable":true,"href":"https:\/\/zjarr.tv\/sq\/wp-json\/wp\/v2\/comments?post=249199"}],"version-history":[{"count":0,"href":"https:\/\/zjarr.tv\/sq\/wp-json\/wp\/v2\/posts\/249199\/revisions"}],"wp:featuredmedia":[{"embeddable":true,"href":"https:\/\/zjarr.tv\/sq\/wp-json\/wp\/v2\/media\/209316"}],"wp:attachment":[{"href":"https:\/\/zjarr.tv\/sq\/wp-json\/wp\/v2\/media?parent=249199"}],"wp:term":[{"taxonomy":"category","embeddable":true,"href":"https:\/\/zjarr.tv\/sq\/wp-json\/wp\/v2\/categories?post=249199"},{"taxonomy":"post_tag","embeddable":true,"href":"https:\/\/zjarr.tv\/sq\/wp-json\/wp\/v2\/tags?post=249199"}],"curies":[{"name":"wp","href":"https:\/\/api.w.org\/{rel}","templated":true}]}}