{"id":249380,"date":"2022-04-06T15:12:51","date_gmt":"2022-04-06T13:12:51","guid":{"rendered":"https:\/\/zjarr.tv\/?p=249380"},"modified":"2022-04-06T15:12:51","modified_gmt":"2022-04-06T13:12:51","slug":"taulant-balla-pas-takimit-me-ambasadoren-kim-reforma-ne-drejtesi-po-jep-efekte-pozitive-kthejme-besimin-e-qytetareve","status":"publish","type":"post","link":"https:\/\/zjarr.tv\/sq\/taulant-balla-pas-takimit-me-ambasadoren-kim-reforma-ne-drejtesi-po-jep-efekte-pozitive-kthejme-besimin-e-qytetareve\/","title":{"rendered":"Taulant Balla pas takimit me ambasadoren Kim: Reforma n\u00eb Drejt\u00ebsi po jep efekte pozitive, kthejm\u00eb besimin e qytetar\u00ebve"},"content":{"rendered":"<p>Kreu i Grupit t\u00eb PS Taulant Balla, shkruan pas takimit q\u00eb pati sot me ambasadoren e SHBA Yuri Kim. Ai thot\u00eb se kan\u00eb diskutuar mbi rolin e Kuvendit n\u00eb miratimin dhe kontrollin e zbatimit t\u00eb legjislacionit dhe reformave n\u00eb kuad\u00ebr t\u00eb an\u00ebtar\u00ebsimit t\u00eb Shqip\u00ebris\u00eb n\u00eb BE.<\/p>\n<p>\u201cU takova sot me Ambasadoren e Shteteve t\u00eb Bashkuara n\u00eb Shqip\u00ebri Yuri Kim ku diskutuam mbi rolin e r\u00ebnd\u00ebsish\u00ebm t\u00eb Kuvendit t\u00eb Shqip\u00ebris\u00eb n\u00eb miratimin dhe kontrollin e zbatimit t\u00eb legjislacionit dhe reformave n\u00eb kuad\u00ebr t\u00eb an\u00ebtar\u00ebsimit t\u00eb Shqip\u00ebris\u00eb n\u00eb Bashkimin Europian.<\/p>\n<p>Ne jemi mir\u00ebnjoh\u00ebs p\u00ebr pozicionin e qart\u00eb dhe mb\u00ebshtetjen e SHBA p\u00ebr mbajtjen e Konferenc\u00ebs s\u00eb Par\u00eb Nd\u00ebr-Qeveritare mes Shqip\u00ebris\u00eb dhe BE sa m\u00eb par\u00eb.<\/p>\n<p>Vazhdimi i zbatimit me p\u00ebrpikm\u00ebri i reform\u00ebs n\u00eb drejt\u00ebsi dhe efektet e saj pozitive n\u00eb luft\u00ebn kund\u00ebr korrupsionit dhe krimit t\u00eb organizuar, po rikthejn\u00eb pak nga pak besimin e qytetar\u00ebve tek drejt\u00ebsia. Ne i jemi mir\u00ebnjoh\u00ebs rolit t\u00eb r\u00ebnd\u00ebsish\u00ebm mb\u00ebshtet\u00ebs dhe v\u00ebzhgues t\u00eb Shteteve t\u00eb Bashkuara t\u00eb Amerik\u00ebs dhe Bashkimit Europian n\u00eb zbatimin e k\u00ebsaj reforme.<\/p>\n<p>Diskutuam me Ambasadoren e SHBA edhe p\u00ebr forcimin e bashk\u00ebpunimit dhe aktivitete t\u00eb p\u00ebrbashk\u00ebta n\u00eb k\u00ebt\u00eb 100 vjetor historik t\u00eb marr\u00ebdh\u00ebnieve diplomatike midis dy vendeve tona\u201d, shkruan Taulant Balla, kreu i Grupit Parlamentar t\u00eb PS<\/p>\n","protected":false},"excerpt":{"rendered":"<p>Kreu i Grupit t\u00eb PS Taulant Balla, shkruan pas takimit q\u00eb pati sot me ambasadoren e SHBA Yuri Kim. Ai thot\u00eb se kan\u00eb diskutuar mbi rolin e Kuvendit n\u00eb miratimin dhe kontrollin e zbatimit t\u00eb legjislacionit dhe reformave n\u00eb kuad\u00ebr t\u00eb an\u00ebtar\u00ebsimit t\u00eb Shqip\u00ebris\u00eb n\u00eb BE. \u201cU takova sot me Ambasadoren e Shteteve t\u00eb Bashkuara [&hellip;]<\/p>\n","protected":false},"author":2020,"featured_media":249381,"comment_status":"closed","ping_status":"closed","sticky":false,"template":"","format":"standard","meta":{"footnotes":""},"categories":[241,5380,231],"tags":[],"class_list":{"0":"post-249380","1":"post","2":"type-post","3":"status-publish","4":"format-standard","5":"has-post-thumbnail","7":"category-aktualitet","8":"category-kryesore","9":"category-lajme"},"_links":{"self":[{"href":"https:\/\/zjarr.tv\/sq\/wp-json\/wp\/v2\/posts\/249380","targetHints":{"allow":["GET"]}}],"collection":[{"href":"https:\/\/zjarr.tv\/sq\/wp-json\/wp\/v2\/posts"}],"about":[{"href":"https:\/\/zjarr.tv\/sq\/wp-json\/wp\/v2\/types\/post"}],"author":[{"embeddable":true,"href":"https:\/\/zjarr.tv\/sq\/wp-json\/wp\/v2\/users\/2020"}],"replies":[{"embeddable":true,"href":"https:\/\/zjarr.tv\/sq\/wp-json\/wp\/v2\/comments?post=249380"}],"version-history":[{"count":0,"href":"https:\/\/zjarr.tv\/sq\/wp-json\/wp\/v2\/posts\/249380\/revisions"}],"wp:featuredmedia":[{"embeddable":true,"href":"https:\/\/zjarr.tv\/sq\/wp-json\/wp\/v2\/media\/249381"}],"wp:attachment":[{"href":"https:\/\/zjarr.tv\/sq\/wp-json\/wp\/v2\/media?parent=249380"}],"wp:term":[{"taxonomy":"category","embeddable":true,"href":"https:\/\/zjarr.tv\/sq\/wp-json\/wp\/v2\/categories?post=249380"},{"taxonomy":"post_tag","embeddable":true,"href":"https:\/\/zjarr.tv\/sq\/wp-json\/wp\/v2\/tags?post=249380"}],"curies":[{"name":"wp","href":"https:\/\/api.w.org\/{rel}","templated":true}]}}