{"id":249389,"date":"2022-04-06T15:33:32","date_gmt":"2022-04-06T13:33:32","guid":{"rendered":"https:\/\/zjarr.tv\/?p=249389"},"modified":"2022-04-06T15:33:32","modified_gmt":"2022-04-06T13:33:32","slug":"ish-presidentit-thaci-i-refuzohet-kerkesa-per-lirim-nga-paraburgimi","status":"publish","type":"post","link":"https:\/\/zjarr.tv\/sq\/ish-presidentit-thaci-i-refuzohet-kerkesa-per-lirim-nga-paraburgimi\/","title":{"rendered":"Ish-presidentit Tha\u00e7i i refuzohet k\u00ebrkesa p\u00ebr lirim nga paraburgimi"},"content":{"rendered":"<p>Ish-presidentit t\u00eb Kosov\u00ebs, Hashim Tha\u00e7i i \u00ebsht\u00eb refuzuar k\u00ebrkesa p\u00ebr lirim nga paraburgimi.<\/p>\n<p>Paneli i Apelit i Gjykat\u00ebs Speciale ia ka refuzuar Tha\u00e7it ankes\u00ebn e tij n\u00eb lidhje me refuzimin e gjyqtarit paraprak p\u00ebr lirimin nga paraburgimi.<\/p>\n<p>\u201cSi rezultat, trupi gjykues konstaton se gjyqtari i procedur\u00ebs paraprake nuk ka gabuar n\u00eb konstatimin se periudha q\u00eb Tha\u00e7i ka kaluar n\u00eb paraburgim mbetet e arsyeshme, dhe n\u00eb p\u00ebrputhje me rrethanat e hedh posht\u00eb pik\u00ebn G t\u00eb ankes\u00ebs s\u00eb Tha\u00e7it\u201d, thuhet n\u00eb arsyetimin e Panelit.<\/p>\n<p>Me k\u00ebt\u00eb rast, pal\u00ebve i \u00ebsht\u00eb dh\u00ebn\u00eb koh\u00eb q\u00eb deri n\u00eb 10 dit\u00eb pas k\u00ebtij vendimi t\u00eb d\u00ebrgojn\u00eb parashtresa n\u00eb lidhje me refuzimin e Apelit.<\/p>\n","protected":false},"excerpt":{"rendered":"<p>Ish-presidentit t\u00eb Kosov\u00ebs, Hashim Tha\u00e7i i \u00ebsht\u00eb refuzuar k\u00ebrkesa p\u00ebr lirim nga paraburgimi. Paneli i Apelit i Gjykat\u00ebs Speciale ia ka refuzuar Tha\u00e7it ankes\u00ebn e tij n\u00eb lidhje me refuzimin e gjyqtarit paraprak p\u00ebr lirimin nga paraburgimi. \u201cSi rezultat, trupi gjykues konstaton se gjyqtari i procedur\u00ebs paraprake nuk ka gabuar n\u00eb konstatimin se periudha q\u00eb [&hellip;]<\/p>\n","protected":false},"author":2020,"featured_media":249390,"comment_status":"closed","ping_status":"closed","sticky":false,"template":"","format":"standard","meta":{"footnotes":""},"categories":[241,5380,231],"tags":[],"class_list":{"0":"post-249389","1":"post","2":"type-post","3":"status-publish","4":"format-standard","5":"has-post-thumbnail","7":"category-aktualitet","8":"category-kryesore","9":"category-lajme"},"_links":{"self":[{"href":"https:\/\/zjarr.tv\/sq\/wp-json\/wp\/v2\/posts\/249389","targetHints":{"allow":["GET"]}}],"collection":[{"href":"https:\/\/zjarr.tv\/sq\/wp-json\/wp\/v2\/posts"}],"about":[{"href":"https:\/\/zjarr.tv\/sq\/wp-json\/wp\/v2\/types\/post"}],"author":[{"embeddable":true,"href":"https:\/\/zjarr.tv\/sq\/wp-json\/wp\/v2\/users\/2020"}],"replies":[{"embeddable":true,"href":"https:\/\/zjarr.tv\/sq\/wp-json\/wp\/v2\/comments?post=249389"}],"version-history":[{"count":0,"href":"https:\/\/zjarr.tv\/sq\/wp-json\/wp\/v2\/posts\/249389\/revisions"}],"wp:featuredmedia":[{"embeddable":true,"href":"https:\/\/zjarr.tv\/sq\/wp-json\/wp\/v2\/media\/249390"}],"wp:attachment":[{"href":"https:\/\/zjarr.tv\/sq\/wp-json\/wp\/v2\/media?parent=249389"}],"wp:term":[{"taxonomy":"category","embeddable":true,"href":"https:\/\/zjarr.tv\/sq\/wp-json\/wp\/v2\/categories?post=249389"},{"taxonomy":"post_tag","embeddable":true,"href":"https:\/\/zjarr.tv\/sq\/wp-json\/wp\/v2\/tags?post=249389"}],"curies":[{"name":"wp","href":"https:\/\/api.w.org\/{rel}","templated":true}]}}