{"id":249402,"date":"2022-04-06T16:20:55","date_gmt":"2022-04-06T14:20:55","guid":{"rendered":"https:\/\/zjarr.tv\/?p=249402"},"modified":"2022-04-06T16:20:55","modified_gmt":"2022-04-06T14:20:55","slug":"a-ka-mundesi-te-mos-beni-me-shaka-pergjigja-e-berishes-kur-e-pyesin-per-lulzim-bashen-president","status":"publish","type":"post","link":"https:\/\/zjarr.tv\/sq\/a-ka-mundesi-te-mos-beni-me-shaka-pergjigja-e-berishes-kur-e-pyesin-per-lulzim-bashen-president\/","title":{"rendered":"\u201cA ka mund\u00ebsi t\u00eb mos b\u00ebni m\u00eb shaka?!\u201d P\u00ebrgjigja e Berish\u00ebs kur e pyesin p\u00ebr Lulzim Bash\u00ebn President"},"content":{"rendered":"<p>Tani a ka mund\u00ebsi t\u00eb mos b\u00ebni shaka?! Ai e p\u00ebrg\u00ebnjeshtroi k\u00ebt\u00eb gj\u00eb, t\u00eb mos merremi me gj\u00ebra t\u00eb tilla.\u201d K\u00ebshtu u p\u00ebrgjigj pasditen e sotme ish-kryeministri Sali Berisha, kur u pyet nga gazetar\u00ebt n\u00ebse do ta votonte emrin e Lulzim Bash\u00ebs p\u00ebr President.<\/p>\n<p>Pas nj\u00eb mbledhje me Komisionin e Rithemelimit, Berisha foli dhe p\u00ebr q\u00ebndrimin e kreut t\u00eb Grupit Parlamentar Enkelejd Alibeaj, i cili thot\u00eb se ish-kryeministri \u00ebsht\u00eb i p\u00ebrjashtuar q\u00eb prej 9 shtatorit. Sipas Berish\u00ebs, ky \u00ebsht\u00eb nj\u00eb q\u00ebndrim personal i kryetarit.<\/p>\n<p>\u201cKomisioni i Rithemelimit, i votuar nga 4900 an\u00ebtar\u00eb \u00ebsht\u00eb plot\u00ebsisht legjitim. Edhe Grupi Parlamentar. Kryesia \u00ebsht\u00eb shkarkuar nga Kuvendi i 11 Dhjetorit. Nuk kemi Kryesi. Dy jan\u00eb forumet; Komisioni i Rithemelimit \u00ebsht\u00eb udh\u00ebheq\u00ebs kolektiv, pastaj vjen Grupi Parlamentar.<\/p>\n<p>Q\u00ebndrim personal, i pavler\u00eb. Ne pranojm\u00eb diversitetin e mendimit. Ai \u00ebsht\u00eb nj\u00eb vendim personal, vazhdim i q\u00ebndrimeve t\u00eb Bash\u00ebs. P\u00ebr q\u00ebndrime personale nuk ka penalitete.<\/p>\n<p>Tani a ka mund\u00ebsi t\u00eb mos b\u00ebni shaka?! Ai e p\u00ebrg\u00ebnjeshtroi k\u00ebt\u00eb gj\u00eb, t\u00eb mos merremi me gj\u00ebra t\u00eb tilla.<\/p>\n<p>Vendimi i 9 shtatorit u varros n\u00eb m\u00ebnyr\u00ebn m\u00eb demokratike m\u00eb dat\u00ebn 11 Dhjetor. Nuk jam p\u00ebrjashtuar un\u00eb nga Grupi Parlamentar. Ato jan\u00eb kombinacione t\u00eb Edi Ram\u00ebs, n\u00eb m\u00ebnyr\u00eb antiligjiore. Un\u00eb kam qen\u00eb dhe do jem pjes\u00eb e Grupit Parlamentar\u201d, u shpreh nd\u00ebr t\u00eb tjera Sali Berisha.<\/p>\n","protected":false},"excerpt":{"rendered":"<p>Tani a ka mund\u00ebsi t\u00eb mos b\u00ebni shaka?! Ai e p\u00ebrg\u00ebnjeshtroi k\u00ebt\u00eb gj\u00eb, t\u00eb mos merremi me gj\u00ebra t\u00eb tilla.\u201d K\u00ebshtu u p\u00ebrgjigj pasditen e sotme ish-kryeministri Sali Berisha, kur u pyet nga gazetar\u00ebt n\u00ebse do ta votonte emrin e Lulzim Bash\u00ebs p\u00ebr President. Pas nj\u00eb mbledhje me Komisionin e Rithemelimit, Berisha foli dhe p\u00ebr [&hellip;]<\/p>\n","protected":false},"author":2020,"featured_media":93726,"comment_status":"closed","ping_status":"closed","sticky":false,"template":"","format":"standard","meta":{"footnotes":""},"categories":[241,5380,231],"tags":[],"class_list":{"0":"post-249402","1":"post","2":"type-post","3":"status-publish","4":"format-standard","5":"has-post-thumbnail","7":"category-aktualitet","8":"category-kryesore","9":"category-lajme"},"_links":{"self":[{"href":"https:\/\/zjarr.tv\/sq\/wp-json\/wp\/v2\/posts\/249402","targetHints":{"allow":["GET"]}}],"collection":[{"href":"https:\/\/zjarr.tv\/sq\/wp-json\/wp\/v2\/posts"}],"about":[{"href":"https:\/\/zjarr.tv\/sq\/wp-json\/wp\/v2\/types\/post"}],"author":[{"embeddable":true,"href":"https:\/\/zjarr.tv\/sq\/wp-json\/wp\/v2\/users\/2020"}],"replies":[{"embeddable":true,"href":"https:\/\/zjarr.tv\/sq\/wp-json\/wp\/v2\/comments?post=249402"}],"version-history":[{"count":0,"href":"https:\/\/zjarr.tv\/sq\/wp-json\/wp\/v2\/posts\/249402\/revisions"}],"wp:featuredmedia":[{"embeddable":true,"href":"https:\/\/zjarr.tv\/sq\/wp-json\/wp\/v2\/media\/93726"}],"wp:attachment":[{"href":"https:\/\/zjarr.tv\/sq\/wp-json\/wp\/v2\/media?parent=249402"}],"wp:term":[{"taxonomy":"category","embeddable":true,"href":"https:\/\/zjarr.tv\/sq\/wp-json\/wp\/v2\/categories?post=249402"},{"taxonomy":"post_tag","embeddable":true,"href":"https:\/\/zjarr.tv\/sq\/wp-json\/wp\/v2\/tags?post=249402"}],"curies":[{"name":"wp","href":"https:\/\/api.w.org\/{rel}","templated":true}]}}