{"id":249404,"date":"2022-04-06T17:19:31","date_gmt":"2022-04-06T15:19:31","guid":{"rendered":"https:\/\/zjarr.tv\/?p=249404"},"modified":"2022-04-06T17:19:31","modified_gmt":"2022-04-06T15:19:31","slug":"komisaret-e-komisionit-te-rithemelimit-po-vijojne-proces-perjashtues-bardhi-sulmon-berishen-betejen-me-shba-e-ka-ai-jo-pd","status":"publish","type":"post","link":"https:\/\/zjarr.tv\/sq\/komisaret-e-komisionit-te-rithemelimit-po-vijojne-proces-perjashtues-bardhi-sulmon-berishen-betejen-me-shba-e-ka-ai-jo-pd\/","title":{"rendered":"\u201cKomisar\u00ebt e Komisionit t\u00eb Rithemelimit po vijojn\u00eb proces p\u00ebrjashtues\u201d, Bardhi sulmon Berish\u00ebn: Betej\u00ebn me SHBA e ka ai, jo PD"},"content":{"rendered":"<p>Gazment Bardhi ka reaguar pas deklaratave t\u00eb ish kryeministrit Sali Berisha. Bardhi me an\u00eb t\u00eb nj\u00eb postimi n\u00eb rrjetet sociale shkruan se rruga e nj\u00ebanshme e Komisionit t\u00eb Rithemelimit nuk \u00ebsht\u00eb rrug\u00eb drejt bashkimit por, p\u00ebr\u00e7arjes.<\/p>\n<p>Ai madje ka komentuar edhe deklaratat e Berish\u00ebs ku sulmoi ambasadoren Yuri Kim duke th\u00ebn\u00eb se PD dhe zyrtar\u00eb t\u00eb saj kan\u00eb me dhjet\u00ebra deklarata kund\u00ebr SHBA dhe zero deklarata kund\u00ebr Edi Ram\u00ebs.<\/p>\n<p>\u201cNuk ka fyerje m\u00eb t\u00eb madhe p\u00ebr nj\u00eb parti proper\u00ebndimore, q\u00eb zyra e shtypit e partis\u00eb t\u00eb shp\u00ebrndaj\u00eb zyrtarisht lajme kund\u00ebr Sekretarit Amerikan t\u00eb Shtetit, n\u00eb vend t\u00eb lajmeve dhe deklaratave kund\u00ebr regjimit t\u00eb Edi Ram\u00ebs\u201d shkruan Bardhi nd\u00ebr t\u00eb tjera.<\/p>\n<p>Postimi i plot\u00eb i Gazment Bardhit:<\/p>\n<p>Vijimi me kok\u00ebfort\u00ebsi n\u00eb rrug\u00ebn e nj\u00ebanshm\u00ebris\u00eb, t\u00eb p\u00ebrjashtimit dhe mbylljes s\u00eb partis\u00eb, nuk \u00ebsht\u00eb rruga drejt bashkimit, por \u00ebsht\u00eb rrug\u00eb me vet\u00ebm nj\u00eb drejtim: p\u00ebr\u00e7arjen. Kjo rrug\u00eb i sh\u00ebrben vet\u00ebm Edi Ram\u00ebs dhe forcimit t\u00eb regjimit t\u00eb tij.<\/p>\n<p>N\u00eb vend t\u00eb reflektimit nj\u00eb grup individ\u00ebsh t\u00eb vet\u00ebzgjedhur, dhe t\u00eb vet\u00ebshpallur si drejtues t\u00eb partis\u00eb, n\u00ebn emrin Komisar t\u00eb Komisionit t\u00eb Rithemelimit, jan\u00eb duke vijuar nj\u00eb proces t\u00eb nj\u00ebansh\u00ebm dhe p\u00ebrjashtues, t\u00eb gjoja organizimit t\u00eb partis\u00eb, me em\u00ebrime n\u00eb kund\u00ebrshtim me Statutin n\u00eb \u00e7do nivel lokal t\u00eb partis\u00eb. Nga ky proces mbeten t\u00eb p\u00ebrjashtuar me mij\u00ebra demokrat\u00eb q\u00eb kan\u00eb sakrifikuar m\u00eb shum\u00eb se kushdo tjet\u00ebr k\u00ebto 8 vite, thjesht se kan\u00eb nj\u00eb mendim ndryshe nga komisar\u00ebt.<\/p>\n<p>Ky proces i nj\u00ebansh\u00ebm dhe p\u00ebr\u00e7ar\u00ebs \u00ebsht\u00eb d\u00ebshmi e plot\u00eb e nj\u00eb l\u00ebvizje q\u00eb q\u00ebllim t\u00eb vet\u00ebm ka marrjen peng t\u00eb PD p\u00ebr q\u00ebllime private t\u00eb nj\u00eb individi, dob\u00ebsimin e Partis\u00eb Demokratike dhe forcimin e regjimit t\u00eb Edi Ram\u00ebs.<\/p>\n<p>Ashtu si edhe \u00ebsht\u00eb provuar k\u00ebto dit\u00eb, PD dhe zyrtar\u00eb t\u00eb saj kan\u00eb me dhjetra deklarata kund\u00ebr SHBA dhe zero deklarata kund\u00ebr Edi Ram\u00ebs. Kjo zhvendosje e betej\u00ebs nga Edi Rama tek SHBA, tregon se si do t\u00eb jet\u00eb PD me nj\u00eb \u201cnon-grata\u201d brenda saj.<\/p>\n<p>Nuk ka fyerje m\u00eb t\u00eb madhe p\u00ebr nj\u00eb parti proper\u00ebndimore, q\u00eb zyra e shtypit e partis\u00eb t\u00eb shp\u00ebrndaj\u00eb zyrtarisht lajme kund\u00ebr Sekretarit Amerikan t\u00eb Shtetit, n\u00eb vend t\u00eb lajmeve dhe deklaratave kund\u00ebr regjimit t\u00eb Edi Ram\u00ebs.<\/p>\n<p>Beteja me SHBA nuk \u00ebsht\u00eb beteja e demokrat\u00ebve dhe as qytetar\u00ebve shqiptar\u00eb, q\u00eb vuajn\u00eb \u00e7do dit\u00eb nga keqqeverisja e Edi Ram\u00ebs. Ajo \u00ebsht\u00eb beteja personale e z. Berish\u00ebs dhe duhet t\u00eb mbetet betej\u00eb vet\u00ebm e tij. Demokrat\u00ebt kan\u00eb nevoj\u00eb ti ken\u00eb n\u00eb krah SHBA, p\u00ebr t\u00eb ardhmen e tyre dhe t\u00eb Shqip\u00ebris\u00eb.<\/p>\n","protected":false},"excerpt":{"rendered":"<p>Gazment Bardhi ka reaguar pas deklaratave t\u00eb ish kryeministrit Sali Berisha. Bardhi me an\u00eb t\u00eb nj\u00eb postimi n\u00eb rrjetet sociale shkruan se rruga e nj\u00ebanshme e Komisionit t\u00eb Rithemelimit nuk \u00ebsht\u00eb rrug\u00eb drejt bashkimit por, p\u00ebr\u00e7arjes. Ai madje ka komentuar edhe deklaratat e Berish\u00ebs ku sulmoi ambasadoren Yuri Kim duke th\u00ebn\u00eb se PD dhe zyrtar\u00eb [&hellip;]<\/p>\n","protected":false},"author":2030,"featured_media":187582,"comment_status":"closed","ping_status":"closed","sticky":false,"template":"","format":"standard","meta":{"footnotes":""},"categories":[241,3366,5380,231,1454],"tags":[],"class_list":{"0":"post-249404","1":"post","2":"type-post","3":"status-publish","4":"format-standard","5":"has-post-thumbnail","7":"category-aktualitet","8":"category-koment","9":"category-kryesore","10":"category-lajme","11":"category-politike"},"_links":{"self":[{"href":"https:\/\/zjarr.tv\/sq\/wp-json\/wp\/v2\/posts\/249404","targetHints":{"allow":["GET"]}}],"collection":[{"href":"https:\/\/zjarr.tv\/sq\/wp-json\/wp\/v2\/posts"}],"about":[{"href":"https:\/\/zjarr.tv\/sq\/wp-json\/wp\/v2\/types\/post"}],"author":[{"embeddable":true,"href":"https:\/\/zjarr.tv\/sq\/wp-json\/wp\/v2\/users\/2030"}],"replies":[{"embeddable":true,"href":"https:\/\/zjarr.tv\/sq\/wp-json\/wp\/v2\/comments?post=249404"}],"version-history":[{"count":0,"href":"https:\/\/zjarr.tv\/sq\/wp-json\/wp\/v2\/posts\/249404\/revisions"}],"wp:featuredmedia":[{"embeddable":true,"href":"https:\/\/zjarr.tv\/sq\/wp-json\/wp\/v2\/media\/187582"}],"wp:attachment":[{"href":"https:\/\/zjarr.tv\/sq\/wp-json\/wp\/v2\/media?parent=249404"}],"wp:term":[{"taxonomy":"category","embeddable":true,"href":"https:\/\/zjarr.tv\/sq\/wp-json\/wp\/v2\/categories?post=249404"},{"taxonomy":"post_tag","embeddable":true,"href":"https:\/\/zjarr.tv\/sq\/wp-json\/wp\/v2\/tags?post=249404"}],"curies":[{"name":"wp","href":"https:\/\/api.w.org\/{rel}","templated":true}]}}