{"id":249415,"date":"2022-04-06T17:27:51","date_gmt":"2022-04-06T15:27:51","guid":{"rendered":"https:\/\/zjarr.tv\/?p=249415"},"modified":"2022-04-06T17:27:51","modified_gmt":"2022-04-06T15:27:51","slug":"berisha-negociata-vetem-nese-rama-vendos-qe-presidentin-ta-propozoje-opozita","status":"publish","type":"post","link":"https:\/\/zjarr.tv\/sq\/berisha-negociata-vetem-nese-rama-vendos-qe-presidentin-ta-propozoje-opozita\/","title":{"rendered":"Berisha: Negociata vet\u00ebm n\u00ebse Rama vendos q\u00eb presidentin ta propozoj\u00eb opozita"},"content":{"rendered":"<p>Ish-kryeministri Sali Berisha thot\u00eb se propozimi i Partis\u00eb Demokratike p\u00ebr presidentin e ardhsh\u00ebm, do t\u00eb merret nga K\u00ebshilli Komb\u00ebtar i k\u00ebsaj force politike.<\/p>\n<p>N\u00eb p\u00ebrfundim t\u00eb mbledhjes s\u00eb Komisionit t\u00eb Rithemelimit n\u00eb selin\u00eb blu, Berisha tha se Partia Demokratike do t\u00eb nis\u00eb negociatat p\u00ebr presidentin, vet\u00ebm n\u00ebse Rama vendos q\u00eb presidentin e ri ta propozoj\u00eb opozita.<\/p>\n<p>\u201cPD n\u00ebse do t\u00eb propozoj\u00eb do t\u00eb merret vendimi nga K\u00ebshilli Komb\u00ebtar i PD, q\u00eb do t\u00eb zgjidhet n\u00eb Kuvendin e 30 prillit. PD n\u00eb parim nuk pranon asnj\u00eb propozim t\u00eb Edi Ram\u00ebs. N\u00ebse Edi Rama vendos q\u00eb presidentin ta propozoj\u00eb opozita, do t\u00eb nisim konsultimin me forca t\u00eb tjera politike dhe institucione t\u00eb tjera.\u201d, u shpreh Berisha.<\/p>\n","protected":false},"excerpt":{"rendered":"<p>Ish-kryeministri Sali Berisha thot\u00eb se propozimi i Partis\u00eb Demokratike p\u00ebr presidentin e ardhsh\u00ebm, do t\u00eb merret nga K\u00ebshilli Komb\u00ebtar i k\u00ebsaj force politike. N\u00eb p\u00ebrfundim t\u00eb mbledhjes s\u00eb Komisionit t\u00eb Rithemelimit n\u00eb selin\u00eb blu, Berisha tha se Partia Demokratike do t\u00eb nis\u00eb negociatat p\u00ebr presidentin, vet\u00ebm n\u00ebse Rama vendos q\u00eb presidentin e ri ta propozoj\u00eb [&hellip;]<\/p>\n","protected":false},"author":2030,"featured_media":249416,"comment_status":"closed","ping_status":"closed","sticky":false,"template":"","format":"standard","meta":{"footnotes":""},"categories":[241,3366,5380,231,1454],"tags":[],"class_list":{"0":"post-249415","1":"post","2":"type-post","3":"status-publish","4":"format-standard","5":"has-post-thumbnail","7":"category-aktualitet","8":"category-koment","9":"category-kryesore","10":"category-lajme","11":"category-politike"},"_links":{"self":[{"href":"https:\/\/zjarr.tv\/sq\/wp-json\/wp\/v2\/posts\/249415","targetHints":{"allow":["GET"]}}],"collection":[{"href":"https:\/\/zjarr.tv\/sq\/wp-json\/wp\/v2\/posts"}],"about":[{"href":"https:\/\/zjarr.tv\/sq\/wp-json\/wp\/v2\/types\/post"}],"author":[{"embeddable":true,"href":"https:\/\/zjarr.tv\/sq\/wp-json\/wp\/v2\/users\/2030"}],"replies":[{"embeddable":true,"href":"https:\/\/zjarr.tv\/sq\/wp-json\/wp\/v2\/comments?post=249415"}],"version-history":[{"count":0,"href":"https:\/\/zjarr.tv\/sq\/wp-json\/wp\/v2\/posts\/249415\/revisions"}],"wp:featuredmedia":[{"embeddable":true,"href":"https:\/\/zjarr.tv\/sq\/wp-json\/wp\/v2\/media\/249416"}],"wp:attachment":[{"href":"https:\/\/zjarr.tv\/sq\/wp-json\/wp\/v2\/media?parent=249415"}],"wp:term":[{"taxonomy":"category","embeddable":true,"href":"https:\/\/zjarr.tv\/sq\/wp-json\/wp\/v2\/categories?post=249415"},{"taxonomy":"post_tag","embeddable":true,"href":"https:\/\/zjarr.tv\/sq\/wp-json\/wp\/v2\/tags?post=249415"}],"curies":[{"name":"wp","href":"https:\/\/api.w.org\/{rel}","templated":true}]}}