{"id":249419,"date":"2022-04-06T17:29:27","date_gmt":"2022-04-06T15:29:27","guid":{"rendered":"https:\/\/zjarr.tv\/?p=249419"},"modified":"2022-04-06T17:29:27","modified_gmt":"2022-04-06T15:29:27","slug":"kryemadhi-bashkepunim-me-institutin-republikan-te-shba-do-te-ngreme-platforme-per-perparimin-e-misionit-dhe-rritjen-e-fuqizimit-te-rinise","status":"publish","type":"post","link":"https:\/\/zjarr.tv\/sq\/kryemadhi-bashkepunim-me-institutin-republikan-te-shba-do-te-ngreme-platforme-per-perparimin-e-misionit-dhe-rritjen-e-fuqizimit-te-rinise\/","title":{"rendered":"Kryemadhi bashk\u00ebpunim me Institutin Republikan t\u00eb SHBA: Do t\u00eb ngrem\u00eb platform\u00eb p\u00ebr p\u00ebrparimin e misionit dhe rritjen e fuqizimit t\u00eb rinis\u00eb"},"content":{"rendered":"<p>Kryetarja e LSI Monika Kryemadhi ka takuar k\u00ebt\u00eb t\u00eb m\u00ebrkur\u00eb drejtuesen e P\u00ebrkohshme t\u00eb Institutit Republikan Amerikan n\u00eb Shqip\u00ebri, Marta Onorato.<\/p>\n<p>Deputetja thot\u00eb se gjat\u00eb k\u00ebtij takimi u vendos p\u00ebr ngritjen e nj\u00eb platform\u00eb bashk\u00ebpunimi mes LSI dhe Institutit Republikan.<\/p>\n<p>Sipas saj kjo do t\u2019i sh\u00ebrbej\u00eb p\u00ebrparimit t\u00eb misionit, n\u00eb rritjen dhe fuqizimin e kapaciteteve t\u00eb rinis\u00eb dhe grave n\u00eb politik\u00ebb\u00ebrje, si dhe i integrimit\u00a0 europian t\u00eb Shqip\u00ebris\u00eb.<\/p>\n<p>\u201cIshte k\u00ebnaq\u00ebsi t\u00eb takohesha sot me Drejtuesen e P\u00ebrkohshme t\u00eb Institutit Republikan Amerikan n\u00eb Shqip\u00ebri Znj. Marta Onorato. Duke e vler\u00ebsuar p\u00ebr gjith\u00eb mb\u00ebshtjen q\u00eb IRI i jep partive politike n\u00eb Shqip\u00ebri, ngrit\u00ebm s\u00ebbashku nj\u00eb platform\u00eb bashk\u00ebpunimi mes LSI dhe Institutit Republikan, q\u00eb do t\u2019i sh\u00ebrbej\u00eb p\u00ebrparimit t\u00eb misionit ton\u00eb, n\u00eb rritjen dhe fuqizimin e kapaciteteve t\u00eb rinis\u00eb dhe grave n\u00eb politik\u00ebb\u00ebrje, si dhe n\u00eb p\u00ebrgatitjen e alternativave drejt nj\u00eb politike konstruktive, q\u00eb i sh\u00ebrben qytetar\u00ebve dhe integrimit evropian t\u00eb Shqip\u00ebris\u00eb\u201d, shkruan Kryemadhi.<\/p>\n","protected":false},"excerpt":{"rendered":"<p>Kryetarja e LSI Monika Kryemadhi ka takuar k\u00ebt\u00eb t\u00eb m\u00ebrkur\u00eb drejtuesen e P\u00ebrkohshme t\u00eb Institutit Republikan Amerikan n\u00eb Shqip\u00ebri, Marta Onorato. Deputetja thot\u00eb se gjat\u00eb k\u00ebtij takimi u vendos p\u00ebr ngritjen e nj\u00eb platform\u00eb bashk\u00ebpunimi mes LSI dhe Institutit Republikan. Sipas saj kjo do t\u2019i sh\u00ebrbej\u00eb p\u00ebrparimit t\u00eb misionit, n\u00eb rritjen dhe fuqizimin e kapaciteteve [&hellip;]<\/p>\n","protected":false},"author":2030,"featured_media":249420,"comment_status":"closed","ping_status":"closed","sticky":false,"template":"","format":"standard","meta":{"footnotes":""},"categories":[241,3366,5380,231,1454],"tags":[],"class_list":{"0":"post-249419","1":"post","2":"type-post","3":"status-publish","4":"format-standard","5":"has-post-thumbnail","7":"category-aktualitet","8":"category-koment","9":"category-kryesore","10":"category-lajme","11":"category-politike"},"_links":{"self":[{"href":"https:\/\/zjarr.tv\/sq\/wp-json\/wp\/v2\/posts\/249419","targetHints":{"allow":["GET"]}}],"collection":[{"href":"https:\/\/zjarr.tv\/sq\/wp-json\/wp\/v2\/posts"}],"about":[{"href":"https:\/\/zjarr.tv\/sq\/wp-json\/wp\/v2\/types\/post"}],"author":[{"embeddable":true,"href":"https:\/\/zjarr.tv\/sq\/wp-json\/wp\/v2\/users\/2030"}],"replies":[{"embeddable":true,"href":"https:\/\/zjarr.tv\/sq\/wp-json\/wp\/v2\/comments?post=249419"}],"version-history":[{"count":0,"href":"https:\/\/zjarr.tv\/sq\/wp-json\/wp\/v2\/posts\/249419\/revisions"}],"wp:featuredmedia":[{"embeddable":true,"href":"https:\/\/zjarr.tv\/sq\/wp-json\/wp\/v2\/media\/249420"}],"wp:attachment":[{"href":"https:\/\/zjarr.tv\/sq\/wp-json\/wp\/v2\/media?parent=249419"}],"wp:term":[{"taxonomy":"category","embeddable":true,"href":"https:\/\/zjarr.tv\/sq\/wp-json\/wp\/v2\/categories?post=249419"},{"taxonomy":"post_tag","embeddable":true,"href":"https:\/\/zjarr.tv\/sq\/wp-json\/wp\/v2\/tags?post=249419"}],"curies":[{"name":"wp","href":"https:\/\/api.w.org\/{rel}","templated":true}]}}