{"id":249446,"date":"2022-04-06T18:25:42","date_gmt":"2022-04-06T16:25:42","guid":{"rendered":"https:\/\/zjarr.tv\/?p=249446"},"modified":"2022-04-06T18:27:17","modified_gmt":"2022-04-06T16:27:17","slug":"gabimi-qe-beri-me-bashen-blendi-fevziu-rendit-arsyet-berisha-duhet-te-terhiqet-nga-gara-per-kryetar-te-pd-se","status":"publish","type":"post","link":"https:\/\/zjarr.tv\/sq\/gabimi-qe-beri-me-bashen-blendi-fevziu-rendit-arsyet-berisha-duhet-te-terhiqet-nga-gara-per-kryetar-te-pd-se\/","title":{"rendered":"Gabimi q\u00eb b\u00ebri me Bash\u00ebn\/ Blendi Fevziu rendit arsyet: Berisha duhet t\u00eb t\u00ebrhiqet nga gara p\u00ebr Kryetar t\u00eb PD-s\u00eb!"},"content":{"rendered":"<p>Teksa e gjith\u00eb v\u00ebmendja \u00ebsht\u00eb tek debati se kush do t\u00eb ket\u00eb kryetari i ri i PD-s\u00eb, vjen nj\u00eb koment nga gazetari Blendi Fevziu. Ky i fundit deklaroi dje se ish-Kryeministri Sali Berisha duhet t\u00eb t\u00ebrhiqet nga gara p\u00ebr kryetar t\u00eb PD-s\u00eb. Sipas gazetarit, Berisha duhet t\u00eb mbaj\u00eb nj\u00eb rol honorifik n\u00eb PD, n\u00eb m\u00ebnyr\u00eb t\u00eb till\u00eb q\u00eb t\u2019i hap\u00eb rrug\u00ebn ardhjes s\u00eb nj\u00eb lideri t\u00eb ri n\u00eb k\u00ebt\u00eb parti.<\/p>\n<p>\u201cUn\u00eb mendoj se Berisha duke luajtur nj\u00eb rol honorifik n\u00eb PD duhet t\u00eb hapte nj\u00eb gar\u00eb, por jo duke kandiduar vet\u00eb. Edhe pse politikan i r\u00ebnd\u00ebsish\u00ebm, ai e mbylli karrier\u00ebn e tij me d\u00ebshir\u00ebn e vet n\u00eb 2013. B\u00ebri nj\u00eb gabim duke anuar gar\u00ebn n\u00eb drejtim t\u00eb Bash\u00ebs. P\u00ebr arsye dhe t\u00eb mosh\u00ebs, i bie t\u00eb garoj\u00eb n\u00eb mosh\u00ebn 81-vje\u00e7are. Jo se nuk ndodh. PD me Berish\u00ebn ka zgjidhje afatshkurt\u00ebr. Me nj\u00eb kandidat t\u00eb ri, PD mund t\u00eb shihte hapjen e nj\u00eb rruge m\u00eb t\u00eb gjer\u00eb. PD ka nevoj\u00eb p\u00ebr nj\u00eb person 35-40 vje\u00e7. PD ka qen\u00eb e drejtuar nga ata njer\u00ebz q\u00eb n\u00eb 1990 kan\u00eb qen\u00eb student\u00eb. Berisha ka d\u00ebshtuar me t\u00eb rinjt\u00eb, ka deficit t\u00eb madh. N\u00eb p\u00ebrfaq\u00ebsimin e grave ka deficit t\u00eb madh. PD nuk ka prodhuar figura t\u00eb m\u00ebdha t\u00eb r\u00ebnd\u00ebsishme\u201d, tha Fevziu n\u00eb emisionin \u201cT\u00eb Paekspozuarit\u201d.<\/p>\n","protected":false},"excerpt":{"rendered":"<p>Teksa e gjith\u00eb v\u00ebmendja \u00ebsht\u00eb tek debati se kush do t\u00eb ket\u00eb kryetari i ri i PD-s\u00eb, vjen nj\u00eb koment nga gazetari Blendi Fevziu. Ky i fundit deklaroi dje se ish-Kryeministri Sali Berisha duhet t\u00eb t\u00ebrhiqet nga gara p\u00ebr kryetar t\u00eb PD-s\u00eb. Sipas gazetarit, Berisha duhet t\u00eb mbaj\u00eb nj\u00eb rol honorifik n\u00eb PD, n\u00eb m\u00ebnyr\u00eb [&hellip;]<\/p>\n","protected":false},"author":2030,"featured_media":249450,"comment_status":"closed","ping_status":"closed","sticky":false,"template":"","format":"standard","meta":{"footnotes":""},"categories":[241,3366,5380,231,1454],"tags":[],"class_list":{"0":"post-249446","1":"post","2":"type-post","3":"status-publish","4":"format-standard","5":"has-post-thumbnail","7":"category-aktualitet","8":"category-koment","9":"category-kryesore","10":"category-lajme","11":"category-politike"},"_links":{"self":[{"href":"https:\/\/zjarr.tv\/sq\/wp-json\/wp\/v2\/posts\/249446","targetHints":{"allow":["GET"]}}],"collection":[{"href":"https:\/\/zjarr.tv\/sq\/wp-json\/wp\/v2\/posts"}],"about":[{"href":"https:\/\/zjarr.tv\/sq\/wp-json\/wp\/v2\/types\/post"}],"author":[{"embeddable":true,"href":"https:\/\/zjarr.tv\/sq\/wp-json\/wp\/v2\/users\/2030"}],"replies":[{"embeddable":true,"href":"https:\/\/zjarr.tv\/sq\/wp-json\/wp\/v2\/comments?post=249446"}],"version-history":[{"count":0,"href":"https:\/\/zjarr.tv\/sq\/wp-json\/wp\/v2\/posts\/249446\/revisions"}],"wp:featuredmedia":[{"embeddable":true,"href":"https:\/\/zjarr.tv\/sq\/wp-json\/wp\/v2\/media\/249450"}],"wp:attachment":[{"href":"https:\/\/zjarr.tv\/sq\/wp-json\/wp\/v2\/media?parent=249446"}],"wp:term":[{"taxonomy":"category","embeddable":true,"href":"https:\/\/zjarr.tv\/sq\/wp-json\/wp\/v2\/categories?post=249446"},{"taxonomy":"post_tag","embeddable":true,"href":"https:\/\/zjarr.tv\/sq\/wp-json\/wp\/v2\/tags?post=249446"}],"curies":[{"name":"wp","href":"https:\/\/api.w.org\/{rel}","templated":true}]}}