{"id":249451,"date":"2022-04-06T18:29:09","date_gmt":"2022-04-06T16:29:09","guid":{"rendered":"https:\/\/zjarr.tv\/?p=249451"},"modified":"2022-04-06T18:29:09","modified_gmt":"2022-04-06T16:29:09","slug":"dy-prefekte-te-rinj-ne-nje-dite-largohen-gjoke-jaku-i-lezhes-dhe-roland-nastoja-i-durresit-zevendesuesit","status":"publish","type":"post","link":"https:\/\/zjarr.tv\/sq\/dy-prefekte-te-rinj-ne-nje-dite-largohen-gjoke-jaku-i-lezhes-dhe-roland-nastoja-i-durresit-zevendesuesit\/","title":{"rendered":"Dy prefekt\u00eb t\u00eb rinj n\u00eb nj\u00eb dite! Largohen Gjok\u00eb Jaku i Lezh\u00ebs dhe Roland Nastoja i Durr\u00ebsit! Z\u00ebvend\u00ebsuesit"},"content":{"rendered":"<p>Pas dor\u00ebheqjes s\u00eb Gjok\u00eb Jakut si prefekt i Qarkut Lezh\u00eb, z\u00ebvend\u00ebsohet nga Gjergj Prendi.<\/p>\n<p>Ai pason n\u00eb ket\u00eb post Gjok Jakun, i cili u dor\u00ebhoq t\u00eb h\u00ebn\u00ebn, pas rreth tre vitesh n\u00eb krye te k\u00ebtij institucioni. Ish-ushtaraku Gjergj Prendi ka qen\u00eb edhe me pare Prefekt i Qarkut Lezhe p\u00ebr rreth 2 vite.<\/p>\n<p>Pas zgjedhjes s\u00eb perfektit t\u00eb ri n\u00eb Lezh\u00eb \u00ebsht\u00eb ai i Durr\u00ebsit, shkarkohet nga detyra Roland Nasto me propozim t\u00eb Bledi \u00c7u\u00e7it!<\/p>\n<p>Roland Nasto \u00ebsht\u00eb liruar nga detyra me vendim t\u00eb Ministrit te Brendsh\u00ebm, Bledi \u00c7u\u00e7i. Sipas vendimit t\u00eb K\u00ebshillit t\u00eb Ministrave, Roland Nastoja z\u00ebvend\u00ebsohet nga Emiljan Jani.<\/p>\n<p>Ky vendim hyn n\u00eb fuqi menj\u00ebher\u00eb dhe botohet n\u00eb \u201cFletoren zyrtare\u201d.<\/p>\n<p>Vendimi i K\u00ebshillit t\u00eb Ministrave:<\/p>\n<p>LIRIMIN DHE EM\u00cbRIMIN N\u00cb DETYR\u00cb T\u00cb PREFEKTIT T\u00cb QARKUT T\u00cb DURR\u00cbSIT<\/p>\n<p>N\u00eb mb\u00ebshtetje t\u00eb neneve 100 e 114 t\u00eb Kushtetut\u00ebs dhe t\u00eb nenit 5, t\u00eb ligjit nr.107\/2016, \u201cP\u00ebr prefektin e qarkut\u201d, me propozimin e ministrit t\u00eb Brendsh\u00ebm, K\u00ebshilli i Ministrave<\/p>\n<p>V E N D O S I:<\/p>\n<ol>\n<li>Roland Nasto, prefekt i Qarkut t\u00eb Durr\u00ebsit, lirohet nga kjo detyr\u00eb.<\/li>\n<li>Emiljan Jani em\u00ebrohet prefekt i Qarkut t\u00eb Durr\u00ebsit.<\/li>\n<\/ol>\n<p>Ky vendim hyn n\u00eb fuqi menj\u00ebher\u00eb dhe botohet n\u00eb \u201cFletoren zyrtare\u201d.<\/p>\n","protected":false},"excerpt":{"rendered":"<p>Pas dor\u00ebheqjes s\u00eb Gjok\u00eb Jakut si prefekt i Qarkut Lezh\u00eb, z\u00ebvend\u00ebsohet nga Gjergj Prendi. Ai pason n\u00eb ket\u00eb post Gjok Jakun, i cili u dor\u00ebhoq t\u00eb h\u00ebn\u00ebn, pas rreth tre vitesh n\u00eb krye te k\u00ebtij institucioni. Ish-ushtaraku Gjergj Prendi ka qen\u00eb edhe me pare Prefekt i Qarkut Lezhe p\u00ebr rreth 2 vite. Pas zgjedhjes s\u00eb [&hellip;]<\/p>\n","protected":false},"author":2030,"featured_media":249452,"comment_status":"closed","ping_status":"closed","sticky":false,"template":"","format":"standard","meta":{"footnotes":""},"categories":[241],"tags":[],"class_list":{"0":"post-249451","1":"post","2":"type-post","3":"status-publish","4":"format-standard","5":"has-post-thumbnail","7":"category-aktualitet"},"_links":{"self":[{"href":"https:\/\/zjarr.tv\/sq\/wp-json\/wp\/v2\/posts\/249451","targetHints":{"allow":["GET"]}}],"collection":[{"href":"https:\/\/zjarr.tv\/sq\/wp-json\/wp\/v2\/posts"}],"about":[{"href":"https:\/\/zjarr.tv\/sq\/wp-json\/wp\/v2\/types\/post"}],"author":[{"embeddable":true,"href":"https:\/\/zjarr.tv\/sq\/wp-json\/wp\/v2\/users\/2030"}],"replies":[{"embeddable":true,"href":"https:\/\/zjarr.tv\/sq\/wp-json\/wp\/v2\/comments?post=249451"}],"version-history":[{"count":0,"href":"https:\/\/zjarr.tv\/sq\/wp-json\/wp\/v2\/posts\/249451\/revisions"}],"wp:featuredmedia":[{"embeddable":true,"href":"https:\/\/zjarr.tv\/sq\/wp-json\/wp\/v2\/media\/249452"}],"wp:attachment":[{"href":"https:\/\/zjarr.tv\/sq\/wp-json\/wp\/v2\/media?parent=249451"}],"wp:term":[{"taxonomy":"category","embeddable":true,"href":"https:\/\/zjarr.tv\/sq\/wp-json\/wp\/v2\/categories?post=249451"},{"taxonomy":"post_tag","embeddable":true,"href":"https:\/\/zjarr.tv\/sq\/wp-json\/wp\/v2\/tags?post=249451"}],"curies":[{"name":"wp","href":"https:\/\/api.w.org\/{rel}","templated":true}]}}