{"id":249455,"date":"2022-04-06T18:33:21","date_gmt":"2022-04-06T16:33:21","guid":{"rendered":"https:\/\/zjarr.tv\/?p=249455"},"modified":"2022-04-06T18:33:21","modified_gmt":"2022-04-06T16:33:21","slug":"foto-e-dites-ministrja-ogerta-manastirliu-takohet-me-papa-franceskun","status":"publish","type":"post","link":"https:\/\/zjarr.tv\/sq\/foto-e-dites-ministrja-ogerta-manastirliu-takohet-me-papa-franceskun\/","title":{"rendered":"Foto e dit\u00ebs, Ministrja Ogerta Manastirliu takohet me Papa Fran\u00e7eskun"},"content":{"rendered":"<p>Gjat\u00eb nj\u00eb vizite n\u00eb Rom\u00eb, ministrja e Sh\u00ebndet\u00ebsis\u00eb Ogerta Manastirliu, vizitoi spitalin pediatrik \u201cBambino Gesu\u201d.<\/p>\n<p>Ministrja Manastirliu p\u00ebrballoi me sukses situat\u00ebn m\u00eb t\u00eb v\u00ebshtir\u00eb q\u00eb ka kaluar Shqip\u00ebria n\u00eb lidhje me pandemin\u00eb. Por n\u00eb k\u00ebt\u00eb vizit\u00eb ministrja \u00ebsht\u00eb takuar me Papa Fran\u00e7eskun.<\/p>\n<p>Foton e ka postuar vet\u00eb Manastirliu n\u00eb facebook, ku edhe shkruan \u201dFOTO E DIT\u00cbS\u201d.<\/p>\n","protected":false},"excerpt":{"rendered":"<p>Gjat\u00eb nj\u00eb vizite n\u00eb Rom\u00eb, ministrja e Sh\u00ebndet\u00ebsis\u00eb Ogerta Manastirliu, vizitoi spitalin pediatrik \u201cBambino Gesu\u201d. Ministrja Manastirliu p\u00ebrballoi me sukses situat\u00ebn m\u00eb t\u00eb v\u00ebshtir\u00eb q\u00eb ka kaluar Shqip\u00ebria n\u00eb lidhje me pandemin\u00eb. Por n\u00eb k\u00ebt\u00eb vizit\u00eb ministrja \u00ebsht\u00eb takuar me Papa Fran\u00e7eskun. Foton e ka postuar vet\u00eb Manastirliu n\u00eb facebook, ku edhe shkruan \u201dFOTO E [&hellip;]<\/p>\n","protected":false},"author":2030,"featured_media":249456,"comment_status":"closed","ping_status":"closed","sticky":false,"template":"","format":"standard","meta":{"footnotes":""},"categories":[241,231],"tags":[],"class_list":{"0":"post-249455","1":"post","2":"type-post","3":"status-publish","4":"format-standard","5":"has-post-thumbnail","7":"category-aktualitet","8":"category-lajme"},"_links":{"self":[{"href":"https:\/\/zjarr.tv\/sq\/wp-json\/wp\/v2\/posts\/249455","targetHints":{"allow":["GET"]}}],"collection":[{"href":"https:\/\/zjarr.tv\/sq\/wp-json\/wp\/v2\/posts"}],"about":[{"href":"https:\/\/zjarr.tv\/sq\/wp-json\/wp\/v2\/types\/post"}],"author":[{"embeddable":true,"href":"https:\/\/zjarr.tv\/sq\/wp-json\/wp\/v2\/users\/2030"}],"replies":[{"embeddable":true,"href":"https:\/\/zjarr.tv\/sq\/wp-json\/wp\/v2\/comments?post=249455"}],"version-history":[{"count":0,"href":"https:\/\/zjarr.tv\/sq\/wp-json\/wp\/v2\/posts\/249455\/revisions"}],"wp:featuredmedia":[{"embeddable":true,"href":"https:\/\/zjarr.tv\/sq\/wp-json\/wp\/v2\/media\/249456"}],"wp:attachment":[{"href":"https:\/\/zjarr.tv\/sq\/wp-json\/wp\/v2\/media?parent=249455"}],"wp:term":[{"taxonomy":"category","embeddable":true,"href":"https:\/\/zjarr.tv\/sq\/wp-json\/wp\/v2\/categories?post=249455"},{"taxonomy":"post_tag","embeddable":true,"href":"https:\/\/zjarr.tv\/sq\/wp-json\/wp\/v2\/tags?post=249455"}],"curies":[{"name":"wp","href":"https:\/\/api.w.org\/{rel}","templated":true}]}}